{"id":6493,"date":"2025-01-08T00:56:52","date_gmt":"2025-01-08T00:56:52","guid":{"rendered":"http:\/\/lavereda.com.mx\/?p=6493"},"modified":"2025-01-08T00:56:53","modified_gmt":"2025-01-08T00:56:53","slug":"camerata-de-coahuila-prepara-concierto-de-ano-nuevo-2025","status":"publish","type":"post","link":"https:\/\/lavereda.com.mx\/index.php\/2025\/01\/08\/camerata-de-coahuila-prepara-concierto-de-ano-nuevo-2025\/","title":{"rendered":"Camerata de Coahuila prepara concierto de A\u00f1o Nuevo 2025"},"content":{"rendered":"\n<p>Lleg\u00f3 el 2025 y con \u00e9l llega tambi\u00e9n el concierto de \u201cA\u00f1o Nuevo\u201d de Camerata de Coahuila, este viernes 10 de enero en el Teatro Isauro Mart\u00ednez. Con este programa la orquesta arranca la temporada Primavera Verano 2025, conformada por un total de 11 conciertos y \u201cR\u00e9quiem\u201d de Verdi.<\/p>\n\n\n\n<p>Para esta temporada los conciertos se realizar\u00e1n en el Teatro Isauro Mart\u00ednez. El \u201cR\u00e9quiem\u201d de Verdi, tendr\u00e1 dos presentaciones en el mes junio en el Teatro Nazas, con la participaci\u00f3n del Coro del Instituto de M\u00fasica de Coahuila y la compa\u00f1\u00eda de \u00f3pera de Saltillo, bajo la direcci\u00f3n art\u00edstica del Mtro. Ram\u00f3n Shade.<\/p>\n\n\n\n<p>La direcci\u00f3n de los conciertos de la temporada estar\u00e1 bajo la batuta del Maestro Ram\u00f3n Shade director art\u00edstico de la orquesta y del Maestro Ethan Eager, adem\u00e1s de la participaci\u00f3n de integrantes de la orquesta como solistas.<\/p>\n\n\n\n<p>Para iniciar con el pie derecho, Camerata de Coahuila presentar\u00e1 su \u201cConcierto de A\u00f1o Nuevo\u201d un tradicional concierto conformado valses, polkas y marchas de los compositores Franz von Supp\u00e9 y Johann Straus II, bajo la batuta del Mtro. Ram\u00f3n Shade.<\/p>\n\n\n\n<p>Contar\u00e1 con una \u00fanica presentaci\u00f3n, este viernes 10 de enero en punto de las 20:30 horas, en el Teatro Isauro Mart\u00ednez. El costo de los boletos en planta baja es de $300.00, mezzanine $250.00 y galer\u00eda $110.00, los cuales pueden ser adquiridos en la plataforma Newticket y en taquillas del teatro.<\/p>\n","protected":false},"excerpt":{"rendered":"<p>Lleg\u00f3 el 2025 y con \u00e9l llega tambi\u00e9n el concierto de \u201cA\u00f1o Nuevo\u201d de Camerata de Coahuila, este viernes 10 de enero en el Teatro Isauro Mart\u00ednez. Con este programa &hellip; <a href=\"https:\/\/lavereda.com.mx\/index.php\/2025\/01\/08\/camerata-de-coahuila-prepara-concierto-de-ano-nuevo-2025\/\" class=\"more-link\">Leer m\u00e1s<\/a><\/p>\n","protected":false},"author":9,"featured_media":6494,"comment_status":"open","ping_status":"open","sticky":false,"template":"","format":"standard","meta":{"footnotes":""},"categories":[18,4],"tags":[199,26],"class_list":["post-6493","post","type-post","status-publish","format-standard","has-post-thumbnail","hentry","category-lomasrelevante","category-musica","tag-ano-nuevo","tag-camerata-de-coahuila","entry"],"_links":{"self":[{"href":"https:\/\/lavereda.com.mx\/index.php\/wp-json\/wp\/v2\/posts\/6493","targetHints":{"allow":["GET"]}}],"collection":[{"href":"https:\/\/lavereda.com.mx\/index.php\/wp-json\/wp\/v2\/posts"}],"about":[{"href":"https:\/\/lavereda.com.mx\/index.php\/wp-json\/wp\/v2\/types\/post"}],"author":[{"embeddable":true,"href":"https:\/\/lavereda.com.mx\/index.php\/wp-json\/wp\/v2\/users\/9"}],"replies":[{"embeddable":true,"href":"https:\/\/lavereda.com.mx\/index.php\/wp-json\/wp\/v2\/comments?post=6493"}],"version-history":[{"count":1,"href":"https:\/\/lavereda.com.mx\/index.php\/wp-json\/wp\/v2\/posts\/6493\/revisions"}],"predecessor-version":[{"id":6495,"href":"https:\/\/lavereda.com.mx\/index.php\/wp-json\/wp\/v2\/posts\/6493\/revisions\/6495"}],"wp:featuredmedia":[{"embeddable":true,"href":"https:\/\/lavereda.com.mx\/index.php\/wp-json\/wp\/v2\/media\/6494"}],"wp:attachment":[{"href":"https:\/\/lavereda.com.mx\/index.php\/wp-json\/wp\/v2\/media?parent=6493"}],"wp:term":[{"taxonomy":"category","embeddable":true,"href":"https:\/\/lavereda.com.mx\/index.php\/wp-json\/wp\/v2\/categories?post=6493"},{"taxonomy":"post_tag","embeddable":true,"href":"https:\/\/lavereda.com.mx\/index.php\/wp-json\/wp\/v2\/tags?post=6493"}],"curies":[{"name":"wp","href":"https:\/\/api.w.org\/{rel}","templated":true}]}}