{"id":6489,"date":"2025-01-07T17:38:11","date_gmt":"2025-01-07T17:38:11","guid":{"rendered":"http:\/\/lavereda.com.mx\/?p=6489"},"modified":"2025-01-07T17:38:12","modified_gmt":"2025-01-07T17:38:12","slug":"reinauguran-segundo-piso-del-museo-nacional-de-antropologia-e-historia","status":"publish","type":"post","link":"https:\/\/lavereda.com.mx\/index.php\/2025\/01\/07\/reinauguran-segundo-piso-del-museo-nacional-de-antropologia-e-historia\/","title":{"rendered":"Reinauguran segundo piso del Museo Nacional de Antropolog\u00eda e Historia"},"content":{"rendered":"\n<p><strong><em>El segundo piso cuenta con cinco salas, en las que se re\u00fanen cerca de 6 mil piezas arqueol\u00f3gicas, etnogr\u00e1ficas y art\u00edsticas que representan la riqueza ancestral de M\u00e9xico<\/em><\/strong><\/p>\n\n\n\n<p>La Presidenta Claudia Sheinbaum Pardo dedic\u00f3 a las ni\u00f1as, j\u00f3venes y mujeres de los pueblos originarios la reapertura del segundo piso del Museo Nacional de Antropolog\u00eda. Grandeza y Diversidad Cultural de M\u00e9xico, el cual cuenta con cinco salas y cerca de 6 mil objetos que representan la grandeza cultural de M\u00e9xico; y que forma parte del proyecto Chapultepec, Naturaleza y Cultura.<\/p>\n\n\n\n<p>\u201cEste a\u00f1o, 2025, hemos decidido dedicarlo a la mujer ind\u00edgena, \u2018la mujer ind\u00edgena\u2019 como gen\u00e9rico a las mujeres ind\u00edgenas, porque si alguien no ha sido reconocido en la historia hemos sido las mujeres, pero si alguien no ha sido reconocido en la historia de M\u00e9xico son las mujeres ind\u00edgenas.<\/p>\n\n\n\n<p>\u201cAs\u00ed que inauguramos este segundo piso dedic\u00e1ndolo, en particular, a las ni\u00f1as, a las j\u00f3venes y a todas las mujeres de los pueblos originarios que son lo que representa nuestra patria\u201d, puntualiz\u00f3.<\/p>\n\n\n\n<p>Adem\u00e1s, la Jefa del Ejecutivo Federal tambi\u00e9n anunci\u00f3 la integraci\u00f3n a la Secretar\u00eda de Cultura de todo lo relacionado con culturas vivas de los pueblos originarios y afromexicanos.<\/p>\n\n\n\n<p>\u201cTenemos como objetivo incorporar en la Secretar\u00eda de Cultura todo aquello que tiene que ver con las culturas vivas, es decir, lo que tiene que ver con Fonart, con el Museo de Culturas Populares, lo que tiene que ver con las lenguas, queremos incorporarlo dentro de una sola coordinaci\u00f3n, de tal manera que est\u00e9 el INAH, el INBAL y, al mismo tiempo, se incorporen bajo una sola coordinaci\u00f3n todo lo que tiene que ver con las culturas vivas de los pueblos originarios y afromexicanos\u201d, coment\u00f3.<\/p>\n\n\n\n<p>Al mismo tiempo, inform\u00f3 que, a partir de este 2025, el Gobierno de M\u00e9xico destinar\u00e1 recursos a la Escuela Nacional de Antropolog\u00eda e Historia (ENAH) para potenciar la grandeza cultural del pa\u00eds.<\/p>\n\n\n\n<p>La secretaria de Cultura, Claudia Curiel de Icaza, inform\u00f3 que el Museo Nacional de Antropolog\u00eda es el m\u00e1s visitado del pa\u00eds, ya que en 2024 recibi\u00f3 a 3.7 millones de personas, y en su segundo piso Grandeza y Diversidad Cultural de M\u00e9xico, unifica lo arqueol\u00f3gico con lo etnogr\u00e1fico para resaltar la cultura mexicana desde la \u00e9poca prehisp\u00e1nica hasta los tiempos contempor\u00e1neos: tiene 5 salas con cerca de 6 mil piezas arqueol\u00f3gicas, etnogr\u00e1ficas y art\u00edsticas; y cuenta con la participaci\u00f3n de artesanos, artesanas, m\u00fasicos, cocineras y m\u00e1s.<\/p>\n\n\n\n<p>\u201cEllos participan en esta representaci\u00f3n de lo que son sus culturas y no somos nada m\u00e1s nosotros o como gobierno, como funcionarios, quienes definimos qu\u00e9 es su cosmogon\u00eda. Eso es maravilloso, el que se les haya integrado en la narrativa, en la discusi\u00f3n, el que se rompa esa idea de que estos museos son porque hablan del pasado; no hablan del pasado. Somos estas culturas, de eso justamente habla el Humanismo Mexicano. Y parte de la fortaleza de lo que vamos a trabajar en esta administraci\u00f3n es fortalecer al patrimonio vivo\u201d, puntualiz\u00f3.<\/p>\n\n\n\n<p>Acompa\u00f1aron a la Presidenta de M\u00e9xico en la reapertura del segundo piso del Museo Nacional de Antropolog\u00eda. Grandeza y Diversidad Cultural de M\u00e9xico, el secretario de la Defensa Nacional, general Ricardo Trevilla Trejo; el secretario de Marina, almirante Raymundo Pedro Morales \u00c1ngeles; la secretaria de Desarrollo Agrario, Territorial y Urbano, Edna Elena Vega Rangel; el secretario de Educaci\u00f3n P\u00fablica, Mario Delgado Carrillo; el director general del Instituto Nacional de Antropolog\u00eda e Historia (INAH), Diego Prieto Hern\u00e1ndez; el secretario del Trabajo y Previsi\u00f3n Social, Marath Baruch Bola\u00f1os L\u00f3pez; la secretaria de Turismo, Josefina Rodr\u00edguez Zamora; el director general del Instituto Nacional de los Pueblos Ind\u00edgenas (INPI), Adelfo Regino Montes, y la directora general de la Comisi\u00f3n Federal de Electricidad (CFE), Emilia Calleja Alor.<\/p>\n\n\n\n<p>As\u00ed como la gobernadora de Guerrero, Evelyn Salgado Pineda; el gobernador de Oaxaca, Salom\u00f3n Jara Cruz; la cocinera tradicional del estado de Hidalgo Grindelia Hern\u00e1ndez Hern\u00e1ndez; la cocinera tradicional de Tixtla, Guerrero, Luz del Carmen G\u00f3mez Franco; el m\u00fasico tradicional mayo Benjam\u00edn Zazueta Valenzuela y el m\u00fasico afromexicano, promotor del son de artesa, de Cuajinicuilapa, Tiburcio Noyola Rodr\u00edguez.<\/p>\n\n\n\n<figure class=\"wp-block-image size-large is-resized\"><img fetchpriority=\"high\" decoding=\"async\" width=\"1024\" height=\"682\" src=\"https:\/\/lavereda.com.mx\/wp-content\/uploads\/2025\/01\/REAPERTURA-MNA-10-1024x682.jpeg\" alt=\"\" class=\"wp-image-6491\" style=\"width:486px;height:auto\" srcset=\"https:\/\/lavereda.com.mx\/wp-content\/uploads\/2025\/01\/REAPERTURA-MNA-10-1024x682.jpeg 1024w, https:\/\/lavereda.com.mx\/wp-content\/uploads\/2025\/01\/REAPERTURA-MNA-10-300x200.jpeg 300w, https:\/\/lavereda.com.mx\/wp-content\/uploads\/2025\/01\/REAPERTURA-MNA-10-768x512.jpeg 768w, https:\/\/lavereda.com.mx\/wp-content\/uploads\/2025\/01\/REAPERTURA-MNA-10.jpeg 1100w\" sizes=\"(max-width: 1024px) 100vw, 1024px\" \/><\/figure>\n","protected":false},"excerpt":{"rendered":"<p>El segundo piso cuenta con cinco salas, en las que se re\u00fanen cerca de 6 mil piezas arqueol\u00f3gicas, etnogr\u00e1ficas y art\u00edsticas que representan la riqueza ancestral de M\u00e9xico La Presidenta &hellip; <a href=\"https:\/\/lavereda.com.mx\/index.php\/2025\/01\/07\/reinauguran-segundo-piso-del-museo-nacional-de-antropologia-e-historia\/\" class=\"more-link\">Leer m\u00e1s<\/a><\/p>\n","protected":false},"author":1,"featured_media":6490,"comment_status":"open","ping_status":"open","sticky":false,"template":"","format":"standard","meta":{"footnotes":""},"categories":[3,18],"tags":[198],"class_list":["post-6489","post","type-post","status-publish","format-standard","has-post-thumbnail","hentry","category-artes-visuales","category-lomasrelevante","tag-museo-nacional-de-antropologia","entry"],"_links":{"self":[{"href":"https:\/\/lavereda.com.mx\/index.php\/wp-json\/wp\/v2\/posts\/6489","targetHints":{"allow":["GET"]}}],"collection":[{"href":"https:\/\/lavereda.com.mx\/index.php\/wp-json\/wp\/v2\/posts"}],"about":[{"href":"https:\/\/lavereda.com.mx\/index.php\/wp-json\/wp\/v2\/types\/post"}],"author":[{"embeddable":true,"href":"https:\/\/lavereda.com.mx\/index.php\/wp-json\/wp\/v2\/users\/1"}],"replies":[{"embeddable":true,"href":"https:\/\/lavereda.com.mx\/index.php\/wp-json\/wp\/v2\/comments?post=6489"}],"version-history":[{"count":1,"href":"https:\/\/lavereda.com.mx\/index.php\/wp-json\/wp\/v2\/posts\/6489\/revisions"}],"predecessor-version":[{"id":6492,"href":"https:\/\/lavereda.com.mx\/index.php\/wp-json\/wp\/v2\/posts\/6489\/revisions\/6492"}],"wp:featuredmedia":[{"embeddable":true,"href":"https:\/\/lavereda.com.mx\/index.php\/wp-json\/wp\/v2\/media\/6490"}],"wp:attachment":[{"href":"https:\/\/lavereda.com.mx\/index.php\/wp-json\/wp\/v2\/media?parent=6489"}],"wp:term":[{"taxonomy":"category","embeddable":true,"href":"https:\/\/lavereda.com.mx\/index.php\/wp-json\/wp\/v2\/categories?post=6489"},{"taxonomy":"post_tag","embeddable":true,"href":"https:\/\/lavereda.com.mx\/index.php\/wp-json\/wp\/v2\/tags?post=6489"}],"curies":[{"name":"wp","href":"https:\/\/api.w.org\/{rel}","templated":true}]}}