{"id":6481,"date":"2024-12-31T23:34:15","date_gmt":"2024-12-31T23:34:15","guid":{"rendered":"http:\/\/lavereda.com.mx\/?p=6481"},"modified":"2024-12-31T23:34:16","modified_gmt":"2024-12-31T23:34:16","slug":"artes-escenicas-reciben-mas-publico-en-2024","status":"publish","type":"post","link":"https:\/\/lavereda.com.mx\/index.php\/2024\/12\/31\/artes-escenicas-reciben-mas-publico-en-2024\/","title":{"rendered":"Artes esc\u00e9nicas reciben m\u00e1s p\u00fablico en 2024"},"content":{"rendered":"\n<p>En 2024, durante todo el a\u00f1o se celebraron aniversarios de recintos emblem\u00e1ticos como el Museo del Palacio de Bellas Artes (90 a\u00f1os), el Museo de Arte Moderno (60 a\u00f1os), el Museo de Arte Carrillo Gil (50 a\u00f1os) y el Museo Nacional de Arquitectura (40 a\u00f1os), inform\u00f3 el Instituto Nacional de Bellas Artes y Literatura.<\/p>\n\n\n\n<p>En los 18 recintos de la Red de museos se presentaron 84 exposiciones, entre las que destacan&nbsp;<em>Abraham \u00c1ngel<\/em>.&nbsp;<em>Entre el asombro y la seducci\u00f3n<\/em>,&nbsp;<em>Rosario Cabrera. Una pintora a contracorriente (1901-1975)<\/em>,&nbsp;<em>Arte y lucha. Aurora Reyes (1908-1985<\/em>),&nbsp;<em>Kahlo sin fronteras<\/em>,&nbsp;<em>Flor Gardu\u00f1o. Senderos de vida<\/em>,&nbsp;<em>\u00c1ngeles. Las huestes celestiales en la Tierra<\/em>, y&nbsp;<em>Alan Glass. Sorprendente hallazgo<\/em>. Asimismo, tambi\u00e9n se realizaron 12 exposiciones itinerantes en diversos estados y cuatro en el extranjero.<\/p>\n\n\n\n<p>M\u00e1s de 139,995 personas, entre enero y noviembre, asistieron a las 1,239 funciones de la Coordinaci\u00f3n Nacional de Teatro (CNT), cuya programaci\u00f3n abord\u00f3 temas de igualdad, atenci\u00f3n a infancias y juventudes, entre otros. En los teatros del Centro Cultural de Bosque (CCB) se presentaron obras como\u00a0<em>Emilia y su globo rojo<\/em>,\u00a0<em>Compasi\u00f3n<\/em>\u00a0y\u00a0<em>La quinta del sordo<\/em>.<\/p>\n\n\n\n<p>Para reflexionar en torno a la diversidad, se llev\u00f3 a cabo el 2\u00b0 Ciclo Albricias diversas y se celebr\u00f3 el D\u00eda Internacional del Orgullo LGBTIQ+, que incluy\u00f3 puestas en escena, conversatorios y documentales. La oferta teatral incluy\u00f3 cl\u00e1sicos como&nbsp;<em>Un tranv\u00eda llamado deseo<\/em>&nbsp;y&nbsp;<em>El lugar de la sombra y la brisa<\/em>&nbsp;y se efectu\u00f3 el ciclo&nbsp;<em>En los l\u00edmites del Bosque<\/em>, con propuestas dirigidas a las infancias.<\/p>\n\n\n\n<p>Asimismo, diferentes puestas en escena programadas por la Coordinaci\u00f3n Nacional de Teatro obtuvieron en 2024 un n\u00famero r\u00e9cord de nominaciones y reconocimientos en los Premios de la Agrupaci\u00f3n de Cr\u00edticos y Periodistas de Teatro (ACPT) y en los Premios Metropolitanos de Teatro, como con el estreno de&nbsp;<em>Los empe\u00f1os de una casa<\/em>, que recibi\u00f3 10 nominaciones en los Premios ACPT, de los cuales obtuvo cuatro, incluyendo Mejor adaptaci\u00f3n y Mejor elenco, as\u00ed como 12 nominaciones en los METRO, de los cuales gan\u00f3 nueve, como Mejor direcci\u00f3n de obra de teatro (Aurora Cano) y Mejor comedia.<\/p>\n\n\n\n<p>Para el Centro de Producci\u00f3n de Danza Contempor\u00e1nea (CEPRODAC), el 2024 fue un periodo muy importante por su aportaci\u00f3n art\u00edstica, con homenajes a grandes figuras al abordar tem\u00e1ticas sociales relevantes y vincul\u00e1ndose con el p\u00fablico a trav\u00e9s de procesos creativos abiertos.<\/p>\n\n\n\n<p>Destacan los estrenos de&nbsp;<em>Diarios de Rita Berl\u00edn<\/em>,&nbsp;<em>Telar<\/em>&nbsp;y el homenaje a Gladiola Orozco en el Palacio de Bellas Artes. Como parte del proceso de formaci\u00f3n y creaci\u00f3n de nuevos p\u00fablicos, el elenco del CEPRODAC realiz\u00f3 actividades en el Laboratorio de Creaci\u00f3n del Jard\u00edn Esc\u00e9nico, donde mostr\u00f3 a los asistentes su jornada de trabajo y el proceso creativo de una obra.<\/p>\n\n\n\n<p>La Compa\u00f1\u00eda Nacional de Danza (CND) present\u00f3 92 funciones que atrajeron a m\u00e1s de 112 mil personas, sin incluir las 16 funciones de&nbsp;<em>El cascanueces<\/em>&nbsp;en el Auditorio Nacional en diciembre. A esto se sumaron 10 funciones virtuales con 12,519 visualizaciones y cuatro transmisiones en vivo que alcanzaron a 18,950 espectadores.<\/p>\n\n\n\n<figure class=\"wp-block-image size-full is-resized\"><img fetchpriority=\"high\" decoding=\"async\" width=\"1000\" height=\"667\" src=\"https:\/\/lavereda.com.mx\/wp-content\/uploads\/2024\/12\/INBAL-2024_2.jpg\" alt=\"\" class=\"wp-image-6483\" style=\"width:473px;height:auto\" srcset=\"https:\/\/lavereda.com.mx\/wp-content\/uploads\/2024\/12\/INBAL-2024_2.jpg 1000w, https:\/\/lavereda.com.mx\/wp-content\/uploads\/2024\/12\/INBAL-2024_2-300x200.jpg 300w, https:\/\/lavereda.com.mx\/wp-content\/uploads\/2024\/12\/INBAL-2024_2-768x512.jpg 768w\" sizes=\"(max-width: 1000px) 100vw, 1000px\" \/><\/figure>\n\n\n\n<p><\/p>\n\n\n\n<p>La programaci\u00f3n de la CND se destac\u00f3 por su diversidad de g\u00e9neros, espacios y p\u00fablicos, como&nbsp;<em>Carnaval de los animales<\/em>&nbsp;y&nbsp;<em>Miradas III<\/em>, en el Teatro de la Danza Guillermina Bravo, y particip\u00f3 en la temporada&nbsp;<em>Danzoolog\u00eda<\/em>&nbsp;en la Sala Miguel Covarrubias del Centro Cultural Universitario (CCU) de la UNAM. Comprometida con la inclusi\u00f3n, la CND realiz\u00f3 funciones relajadas para infancias neurodivergentes y particip\u00f3 en la temporada DIVERSUS, enfocada en la diversidad sexual.<\/p>\n\n\n\n<p>Mediante una oferta con presentaciones internacionales, homenajes, concursos, temporadas especiales y colaboraciones interinstitucionales, la Coordinaci\u00f3n Nacional de Danza (CoND) realiz\u00f3 la temporada&nbsp;<em>\u00a1Viva la danza, viva!<\/em>&nbsp;en el Teatro de la Danza Guillermina Bravo, as\u00ed como una jornada art\u00edstica de 12 horas, con 24 presentaciones danc\u00edsticas de entrada libre, con la participaci\u00f3n de casi 300 bailarinas y bailarines. La Temporada de Danza 2024&nbsp;<em>Palacio en Movimiento<\/em>, realizada como parte de los festejos por los 90 a\u00f1os del Palacio de Bellas Artes, reuni\u00f3 a destacadas compa\u00f1\u00edas como Moving Borders, Tango Queer-MX e \u00cdntimo Tango.<\/p>\n\n\n\n<p>Por otra parte, la Coordinaci\u00f3n Nacional de Literatura (CNL) desarroll\u00f3 m\u00faltiples actividades gratuitas enfocadas en promover la creaci\u00f3n literaria, la lectura y la escritura, con un alto sentido social e inclusivo. Entre las iniciativas m\u00e1s destacadas est\u00e1 el programa&nbsp;<em>Las diversas ra\u00edces<\/em>, que ofreci\u00f3 lecturas en voz alta y conversatorios con autores en lenguas originarias, realizados en el Palacio de Bellas Artes, el XX Diplomado en Creaci\u00f3n Literaria, el seminario Creaci\u00f3n Literaria en Lenguas Ind\u00edgenas y el V Festival Internacional de Poes\u00eda V\u00e9rtice Violeta, con la participaci\u00f3n de 18 poetas de diversas nacionalidades.<\/p>\n\n\n\n<p>Mientras que la Orquesta de C\u00e1mara de Bellas Artes (OCBA) cerr\u00f3 2024 con 50 conciertos, que incluyeron 17 estrenos y la interpretaci\u00f3n de obras de 27 compositoras y compositores mexicanos, con una asistencia de 16,243 personas. Dentro del ciclo&nbsp;<em>La OCBA contigo<\/em>, se llevaron a cabo siete conciertos sociales, con un enfoque en la inclusi\u00f3n y el acceso a la m\u00fasica para grupos vulnerables.<\/p>\n\n\n\n<p>El Centro de Experimentaci\u00f3n y Producci\u00f3n de M\u00fasica Contempor\u00e1nea (CEPROMUSIC), durante 2024, interpret\u00f3 108 obras de 76 compositores en 30 conciertos y estren\u00f3 38 piezas en M\u00e9xico y 20 a nivel mundial, con lo que reafirm\u00f3 su compromiso con la m\u00fasica contempor\u00e1nea e interdisciplinaria. En el \u00e1mbito formativo, el CEPROMUSIC realiz\u00f3 12 actividades educativas, incluidas clases magistrales, talleres y ensayos abiertos. Destac\u00f3 el Programa Permanente de Fortalecimiento a J\u00f3venes Compositores.<\/p>\n\n\n\n<p>Extensi\u00f3n Cultural llev\u00f3 a cabo una programaci\u00f3n diversa para fomentar la lectura mediante programas como&nbsp;<em>\u00a1Leo\u2026 luego existo!<\/em>,&nbsp;<em>\u00bfQuieres que te lo lea otra vez?<\/em>,&nbsp;<em>Pasaporte del Arte<\/em>,&nbsp;<em>Bellas Artes Contigo<\/em>&nbsp;y&nbsp;<em>Las Funciones Relajadas del INBAL<\/em>. En total, se realizaron 104 actividades en 12 estados del pa\u00eds.<\/p>\n\n\n\n<p><\/p>\n","protected":false},"excerpt":{"rendered":"<p>En 2024, durante todo el a\u00f1o se celebraron aniversarios de recintos emblem\u00e1ticos como el Museo del Palacio de Bellas Artes (90 a\u00f1os), el Museo de Arte Moderno (60 a\u00f1os), el &hellip; <a href=\"https:\/\/lavereda.com.mx\/index.php\/2024\/12\/31\/artes-escenicas-reciben-mas-publico-en-2024\/\" class=\"more-link\">Leer m\u00e1s<\/a><\/p>\n","protected":false},"author":9,"featured_media":6484,"comment_status":"open","ping_status":"open","sticky":false,"template":"","format":"standard","meta":{"footnotes":""},"categories":[2,18],"tags":[],"class_list":["post-6481","post","type-post","status-publish","format-standard","has-post-thumbnail","hentry","category-artes-escenicas","category-lomasrelevante","entry"],"_links":{"self":[{"href":"https:\/\/lavereda.com.mx\/index.php\/wp-json\/wp\/v2\/posts\/6481","targetHints":{"allow":["GET"]}}],"collection":[{"href":"https:\/\/lavereda.com.mx\/index.php\/wp-json\/wp\/v2\/posts"}],"about":[{"href":"https:\/\/lavereda.com.mx\/index.php\/wp-json\/wp\/v2\/types\/post"}],"author":[{"embeddable":true,"href":"https:\/\/lavereda.com.mx\/index.php\/wp-json\/wp\/v2\/users\/9"}],"replies":[{"embeddable":true,"href":"https:\/\/lavereda.com.mx\/index.php\/wp-json\/wp\/v2\/comments?post=6481"}],"version-history":[{"count":2,"href":"https:\/\/lavereda.com.mx\/index.php\/wp-json\/wp\/v2\/posts\/6481\/revisions"}],"predecessor-version":[{"id":6485,"href":"https:\/\/lavereda.com.mx\/index.php\/wp-json\/wp\/v2\/posts\/6481\/revisions\/6485"}],"wp:featuredmedia":[{"embeddable":true,"href":"https:\/\/lavereda.com.mx\/index.php\/wp-json\/wp\/v2\/media\/6484"}],"wp:attachment":[{"href":"https:\/\/lavereda.com.mx\/index.php\/wp-json\/wp\/v2\/media?parent=6481"}],"wp:term":[{"taxonomy":"category","embeddable":true,"href":"https:\/\/lavereda.com.mx\/index.php\/wp-json\/wp\/v2\/categories?post=6481"},{"taxonomy":"post_tag","embeddable":true,"href":"https:\/\/lavereda.com.mx\/index.php\/wp-json\/wp\/v2\/tags?post=6481"}],"curies":[{"name":"wp","href":"https:\/\/api.w.org\/{rel}","templated":true}]}}