{"id":6454,"date":"2024-12-17T00:52:18","date_gmt":"2024-12-17T00:52:18","guid":{"rendered":"http:\/\/lavereda.com.mx\/?p=6454"},"modified":"2024-12-17T00:52:19","modified_gmt":"2024-12-17T00:52:19","slug":"organizan-el-primer-festival-de-cine-independiente-en-torreon","status":"publish","type":"post","link":"https:\/\/lavereda.com.mx\/index.php\/2024\/12\/17\/organizan-el-primer-festival-de-cine-independiente-en-torreon\/","title":{"rendered":"Organizan el primer Festival de Cine Independiente en Torre\u00f3n"},"content":{"rendered":"\n<p>\u00abClaqueta Fest\u00bb es un festival de cine independiente que tiene como objetivo brindar un espacio de exploraci\u00f3n y proyecci\u00f3n de proyectos cinematogr\u00e1ficos de todos lados en la ciudad de Torre\u00f3n. Se realizar\u00e1 del 20 al 22 de diciembre en el Edificio Ray\u00f3n, ubicado entre Ocampo y Ray\u00f3n en el centro de la ciudad, en la zona conocida como Distrito Col\u00f3n.<\/p>\n\n\n\n<p>Con este festival que presentar\u00e1 una selecci\u00f3n de proyectos cinematogr\u00e1ficos independientes, se busca incentivar la uni\u00f3n de la comunidad cin\u00e9fila de la regi\u00f3n para apoyar los talentos tanto de dentro como fuera y proyectar nuevas propuestas. <\/p>\n\n\n\n<p>Esta primera edici\u00f3n se llevar\u00e1 a cabo a partir del pr\u00f3ximo viernes en el Edificio Ray\u00f3n. Es un evento abierto a todo el p\u00fablico y el costo en preventa esta en 100 pesos con la oportunidad de poderse quedar todo ese d\u00eda. Habr\u00e1 venta de snacks, comida y se complementar\u00e1 el espacio en momentos m\u00fasica y exposiciones de arte.<\/p>\n","protected":false},"excerpt":{"rendered":"<p>\u00abClaqueta Fest\u00bb es un festival de cine independiente que tiene como objetivo brindar un espacio de exploraci\u00f3n y proyecci\u00f3n de proyectos cinematogr\u00e1ficos de todos lados en la ciudad de Torre\u00f3n. &hellip; <a href=\"https:\/\/lavereda.com.mx\/index.php\/2024\/12\/17\/organizan-el-primer-festival-de-cine-independiente-en-torreon\/\" class=\"more-link\">Leer m\u00e1s<\/a><\/p>\n","protected":false},"author":9,"featured_media":6455,"comment_status":"open","ping_status":"open","sticky":false,"template":"","format":"standard","meta":{"footnotes":""},"categories":[6,7,18],"tags":[40],"class_list":["post-6454","post","type-post","status-publish","format-standard","has-post-thumbnail","hentry","category-cinetv","category-entretenimiento","category-lomasrelevante","tag-cine","entry"],"_links":{"self":[{"href":"https:\/\/lavereda.com.mx\/index.php\/wp-json\/wp\/v2\/posts\/6454","targetHints":{"allow":["GET"]}}],"collection":[{"href":"https:\/\/lavereda.com.mx\/index.php\/wp-json\/wp\/v2\/posts"}],"about":[{"href":"https:\/\/lavereda.com.mx\/index.php\/wp-json\/wp\/v2\/types\/post"}],"author":[{"embeddable":true,"href":"https:\/\/lavereda.com.mx\/index.php\/wp-json\/wp\/v2\/users\/9"}],"replies":[{"embeddable":true,"href":"https:\/\/lavereda.com.mx\/index.php\/wp-json\/wp\/v2\/comments?post=6454"}],"version-history":[{"count":1,"href":"https:\/\/lavereda.com.mx\/index.php\/wp-json\/wp\/v2\/posts\/6454\/revisions"}],"predecessor-version":[{"id":6456,"href":"https:\/\/lavereda.com.mx\/index.php\/wp-json\/wp\/v2\/posts\/6454\/revisions\/6456"}],"wp:featuredmedia":[{"embeddable":true,"href":"https:\/\/lavereda.com.mx\/index.php\/wp-json\/wp\/v2\/media\/6455"}],"wp:attachment":[{"href":"https:\/\/lavereda.com.mx\/index.php\/wp-json\/wp\/v2\/media?parent=6454"}],"wp:term":[{"taxonomy":"category","embeddable":true,"href":"https:\/\/lavereda.com.mx\/index.php\/wp-json\/wp\/v2\/categories?post=6454"},{"taxonomy":"post_tag","embeddable":true,"href":"https:\/\/lavereda.com.mx\/index.php\/wp-json\/wp\/v2\/tags?post=6454"}],"curies":[{"name":"wp","href":"https:\/\/api.w.org\/{rel}","templated":true}]}}