{"id":6440,"date":"2024-12-11T16:50:19","date_gmt":"2024-12-11T16:50:19","guid":{"rendered":"http:\/\/lavereda.com.mx\/?p=6440"},"modified":"2024-12-11T16:50:19","modified_gmt":"2024-12-11T16:50:19","slug":"concluye-la-reunion-nacional-de-cultura-2024","status":"publish","type":"post","link":"https:\/\/lavereda.com.mx\/index.php\/2024\/12\/11\/concluye-la-reunion-nacional-de-cultura-2024\/","title":{"rendered":"Concluye la reuni\u00f3n nacional de cultura 2024"},"content":{"rendered":"\n<p>REDACCI\u00d3N.- El d\u00eda de ayer, martes 10 de diciembre, concluy\u00f3, en el Museo Espacio en Aguascalientes, Aguascalientes, la Reuni\u00f3n Nacional de Cultura (RNC) 2024, lugar de integraci\u00f3n, coordinaci\u00f3n, an\u00e1lisis y evaluaci\u00f3n de las pol\u00edticas p\u00fablicas nacionales en materia de acceso y de disfrute de los bienes y servicios culturales que presta el Estado, as\u00ed como para la promoci\u00f3n y respeto de los derechos culturales a nivel nacional.<\/p>\n\n\n\n<p>Durante la clausura, la secretaria de Cultura del Gobierno de M\u00e9xico, Claudia Curiel de Icaza, reafirm\u00f3 su inter\u00e9s por fortalecer el ejercicio de escucha y acompa\u00f1amiento a las instituciones culturales de las 32 entidades de la Rep\u00fablica Mexicana.<\/p>\n\n\n\n<p>Agradeci\u00f3 la hospitalidad de Aguascalientes para la realizaci\u00f3n del encuentro cultural y para poder llegar a s\u00f3lidos acuerdos: \u201cIrnos con mucha tarea y que podamos, el siguiente a\u00f1o, regresar con ese mismo entusiasmo, pero con resultados\u201d.<\/p>\n\n\n\n<p>Destac\u00f3 a M\u00e9xico como pionero de pol\u00edticas culturales en el mundo. Por tal motivo, en 2025 \u2013que se llevar\u00e1 a cabo Mondiacult, en Barcelona, Espa\u00f1a\u2013 busca exponer \u201cno solo lo que se ha implementado como pol\u00edtica cultural desde la federaci\u00f3n en t\u00e9rminos de derechos culturales, sino presentar ciertas pr\u00e1cticas que se hacen aqu\u00ed y no se hacen en otros pa\u00edses, como un trabajo profundo territorial y de patrimonio, as\u00ed como de muchas vertientes\u201d, puntualiz\u00f3.<\/p>\n\n\n\n<p>En su participaci\u00f3n, la subsecretaria de Desarrollo Cultural, Marina N\u00fa\u00f1ez Bespalova, refrend\u00f3 el compromiso de dar seguimiento a todos los acuerdos que surgieron en las mesas y que \u201cresulten en una relaci\u00f3n muy fruct\u00edfera, que se va a reflejar en una pol\u00edtica nacional mucho m\u00e1s consolidada\u201d.<\/p>\n\n\n\n<p>Y agreg\u00f3: \u201cHemos estado 157 asistentes, pr\u00e1cticamente de todos los estados de la Rep\u00fablica \u2013falt\u00f3 Chiapas que no pudo asistir por motivos de transici\u00f3n\u2013. Veintisiete \u00e1reas del sector Cultura participaron en la reuni\u00f3n, 113 personas servidoras p\u00fablicas de los estados en las actividades, 44 personas servidoras p\u00fablicas del sector Cultura.<\/p>\n\n\n\n<p>\u201cSe realizaron 247 reuniones bilaterales, que se solicitaron por parte de los estados, y se atendieron m\u00e1s de 700 temas de coordinaci\u00f3n y de inter\u00e9s de las propias entidades. Hubo siete mesas de trabajo, para las cuales se recibieron 73 propuestas de 23 estados\u201d, puntualiz\u00f3.<\/p>\n\n\n\n<p>En su oportunidad, el director general del Instituto Cultural de Aguascalientes, H\u00e9ctor Alejandro V\u00e1zquez Z\u00fa\u00f1iga, reiter\u00f3 el agradecimiento por ser la sede de la RNC 2024. \u201cEs uno de los honores m\u00e1s grandes que he tenido en toda mi vida el poder tener a todas mis compa\u00f1eras y compa\u00f1eros, a mis hom\u00f3logos en esta ciudad. Es un sue\u00f1o muy bonito que se ha cumplido gracias a ustedes y ojal\u00e1 que realmente hayamos logrado transmitirles el cari\u00f1o que tenemos por la confianza que depositaron en Aguascalientes\u201d.<\/p>\n\n\n\n<p>Durante estos dos d\u00edas, se llevaron a cabo una sesi\u00f3n plenaria, siete mesas de trabajo, as\u00ed como m\u00faltiples acuerdos bilaterales entre las diferentes dependencias de la Secretar\u00eda de Cultura del Gobierno de M\u00e9xico con las y los representantes de Cultura de las 31 entidades de la Rep\u00fablica mexicana presentes, con el objetivo de colaborar, coordinar, vincular y articular directrices de pol\u00edticas culturales p\u00fablicas en conjunto.<\/p>\n\n\n\n<p>En dichas mesas, los temas abordados fueron: Culturas vivas, Circuitos culturales nacionales e internacionales, Educaci\u00f3n art\u00edstica y estudios culturales, Medios p\u00fablicos y pol\u00edtica audiovisual, Patrimonio, Cultura comunitaria y para la paz, y Libros y fomento a la lectura.<\/p>\n\n\n\n<p>El encuentro permiti\u00f3 un di\u00e1logo horizontal, en el que se expusieron acciones, compartieron reflexiones y visibilizaron planes en beneficio de las comunidades art\u00edsticas y poblaci\u00f3n en general de todo el pa\u00eds. Se destacaron experiencias para el fortalecimiento de las pol\u00edticas culturales p\u00fablicas, a trav\u00e9s de mecanismos de colaboraci\u00f3n que promuevan la formaci\u00f3n de modelos que potencien el trabajo conjunto.<\/p>\n\n\n\n<p>Tambi\u00e9n, se expusieron temas como la atenci\u00f3n a infancias y juventudes, la recuperaci\u00f3n del espacio p\u00fablico y el fortalecimiento de las culturas comunitarias, as\u00ed como la generaci\u00f3n de un banco de buenas pr\u00e1cticas y formaci\u00f3n de proyectos de regionalizaci\u00f3n y profesionalizaci\u00f3n.<\/p>\n\n\n\n<p>Con la convicci\u00f3n de tener un pa\u00eds ampliamente diverso, en la RNC 2024 se plante\u00f3 la importancia de contar con modelos que reconozcan los saberes, las experiencias y la educaci\u00f3n para la gesti\u00f3n cultural de base comunitaria.<\/p>\n\n\n\n<p>Se destac\u00f3 tambi\u00e9n la participaci\u00f3n del titular del Fondo de Cultura Econ\u00f3mica, Paco Ignacio Taibo II, quien abord\u00f3 la importancia de reforzar las pol\u00edticas p\u00fablicas para la promoci\u00f3n de la literatura en el pa\u00eds, as\u00ed como el fortalecimiento de la Red Nacional de Bibliotecas P\u00fablicas y los clubes de lectura, a trav\u00e9s de la Secretar\u00eda de Cultura del Gobierno de M\u00e9xico en colaboraci\u00f3n con las 32 dependencias culturales en las entidades del pa\u00eds.&nbsp;<\/p>\n\n\n\n<p><\/p>\n","protected":false},"excerpt":{"rendered":"<p>REDACCI\u00d3N.- El d\u00eda de ayer, martes 10 de diciembre, concluy\u00f3, en el Museo Espacio en Aguascalientes, Aguascalientes, la Reuni\u00f3n Nacional de Cultura (RNC) 2024, lugar de integraci\u00f3n, coordinaci\u00f3n, an\u00e1lisis y &hellip; <a href=\"https:\/\/lavereda.com.mx\/index.php\/2024\/12\/11\/concluye-la-reunion-nacional-de-cultura-2024\/\" class=\"more-link\">Leer m\u00e1s<\/a><\/p>\n","protected":false},"author":1,"featured_media":6441,"comment_status":"open","ping_status":"open","sticky":false,"template":"","format":"standard","meta":{"footnotes":""},"categories":[18,8],"tags":[194],"class_list":["post-6440","post","type-post","status-publish","format-standard","has-post-thumbnail","hentry","category-lomasrelevante","category-sociedad","tag-cultura","entry"],"_links":{"self":[{"href":"https:\/\/lavereda.com.mx\/index.php\/wp-json\/wp\/v2\/posts\/6440","targetHints":{"allow":["GET"]}}],"collection":[{"href":"https:\/\/lavereda.com.mx\/index.php\/wp-json\/wp\/v2\/posts"}],"about":[{"href":"https:\/\/lavereda.com.mx\/index.php\/wp-json\/wp\/v2\/types\/post"}],"author":[{"embeddable":true,"href":"https:\/\/lavereda.com.mx\/index.php\/wp-json\/wp\/v2\/users\/1"}],"replies":[{"embeddable":true,"href":"https:\/\/lavereda.com.mx\/index.php\/wp-json\/wp\/v2\/comments?post=6440"}],"version-history":[{"count":1,"href":"https:\/\/lavereda.com.mx\/index.php\/wp-json\/wp\/v2\/posts\/6440\/revisions"}],"predecessor-version":[{"id":6442,"href":"https:\/\/lavereda.com.mx\/index.php\/wp-json\/wp\/v2\/posts\/6440\/revisions\/6442"}],"wp:featuredmedia":[{"embeddable":true,"href":"https:\/\/lavereda.com.mx\/index.php\/wp-json\/wp\/v2\/media\/6441"}],"wp:attachment":[{"href":"https:\/\/lavereda.com.mx\/index.php\/wp-json\/wp\/v2\/media?parent=6440"}],"wp:term":[{"taxonomy":"category","embeddable":true,"href":"https:\/\/lavereda.com.mx\/index.php\/wp-json\/wp\/v2\/categories?post=6440"},{"taxonomy":"post_tag","embeddable":true,"href":"https:\/\/lavereda.com.mx\/index.php\/wp-json\/wp\/v2\/tags?post=6440"}],"curies":[{"name":"wp","href":"https:\/\/api.w.org\/{rel}","templated":true}]}}