{"id":643,"date":"2020-09-24T16:56:17","date_gmt":"2020-09-24T16:56:17","guid":{"rendered":"http:\/\/lavereda.com.mx\/?p=643"},"modified":"2020-09-24T16:56:19","modified_gmt":"2020-09-24T16:56:19","slug":"camerata-ofrecera-concierto-desde-museo-del-algodon","status":"publish","type":"post","link":"https:\/\/lavereda.com.mx\/index.php\/2020\/09\/24\/camerata-ofrecera-concierto-desde-museo-del-algodon\/","title":{"rendered":"Camerata ofrecer\u00e1 concierto desde Museo del Algod\u00f3n"},"content":{"rendered":"\n<p>\u00abPese a la contingencia que se vive actualmente en el mundo, la Camerata de Coahuila ha dado un paso a reinventarse, con el fin seguir promoviendo la m\u00fasica cl\u00e1sica en el estado, el pa\u00eds y en el mundo, llevando hasta sus hogares un concierto virtual en un formato reducido de orquesta, con los m\u00e1s altos niveles de calidad\u00bb, inform\u00f3 la orquesta en un comunicado.<\/p>\n\n\n\n<p>Es as\u00ed que este viernes 25 de septiembre Camerata presentar\u00e1 de manera virtual, su segundo concierto de temporada oto\u00f1o invierno 2020, con m\u00fasica de los periodos neocl\u00e1sico y rom\u00e1ntico.<\/p>\n\n\n\n<p>El concierto&nbsp;estar\u00e1 integrado por el romanticismo de Charles Gounot y su \u201cPeque\u00f1a Sinfon\u00eda para Instrumentos de Viento, compuesta en 1885, y \u201cSerenata n\u00famero 12 para instrumentos de viento\u201d&nbsp;KV 388\/384a compuesta por W. A. Mozart en 1782.<\/p>\n\n\n\n<p>El segundo concierto se realizar\u00e1 en punto de las 20:30 horas, en una transmisi\u00f3n en vivo, desde el Museo del Algod\u00f3n de Torre\u00f3n, Coah a trav\u00e9s de la p\u00e1gina de Facebook oficial: CAMERATA DE COAHUILA.<\/p>\n\n\n\n<p>Se contar\u00e1 con la participaci\u00f3n de los maestros: Juan Manuel Rosales, Ioseb Gamilagdishvili, Borja Pareja, Juan Jos\u00e9 Carre\u00f3n, Fernando Guijarro, Juan Pablo Linares, Konstantin Melik- Vrtanesyan, Juan Caltzontzin y Arturo Ortiz, integrantes de la orquesta.<\/p>\n\n\n\n<p>Todos conciertos de la temporada Oto\u00f1o-Invierno 2020 estar\u00e1n de manera permanente en la plataforma de Facebook, una vez concluida cada transmisi\u00f3n.<\/p>\n","protected":false},"excerpt":{"rendered":"<p>\u00abPese a la contingencia que se vive actualmente en el mundo, la Camerata de Coahuila ha dado un paso a reinventarse<\/p>\n","protected":false},"author":1,"featured_media":644,"comment_status":"open","ping_status":"open","sticky":false,"template":"","format":"standard","meta":{"footnotes":""},"categories":[18,4],"tags":[],"class_list":["post-643","post","type-post","status-publish","format-standard","has-post-thumbnail","hentry","category-lomasrelevante","category-musica","entry"],"_links":{"self":[{"href":"https:\/\/lavereda.com.mx\/index.php\/wp-json\/wp\/v2\/posts\/643","targetHints":{"allow":["GET"]}}],"collection":[{"href":"https:\/\/lavereda.com.mx\/index.php\/wp-json\/wp\/v2\/posts"}],"about":[{"href":"https:\/\/lavereda.com.mx\/index.php\/wp-json\/wp\/v2\/types\/post"}],"author":[{"embeddable":true,"href":"https:\/\/lavereda.com.mx\/index.php\/wp-json\/wp\/v2\/users\/1"}],"replies":[{"embeddable":true,"href":"https:\/\/lavereda.com.mx\/index.php\/wp-json\/wp\/v2\/comments?post=643"}],"version-history":[{"count":1,"href":"https:\/\/lavereda.com.mx\/index.php\/wp-json\/wp\/v2\/posts\/643\/revisions"}],"predecessor-version":[{"id":645,"href":"https:\/\/lavereda.com.mx\/index.php\/wp-json\/wp\/v2\/posts\/643\/revisions\/645"}],"wp:featuredmedia":[{"embeddable":true,"href":"https:\/\/lavereda.com.mx\/index.php\/wp-json\/wp\/v2\/media\/644"}],"wp:attachment":[{"href":"https:\/\/lavereda.com.mx\/index.php\/wp-json\/wp\/v2\/media?parent=643"}],"wp:term":[{"taxonomy":"category","embeddable":true,"href":"https:\/\/lavereda.com.mx\/index.php\/wp-json\/wp\/v2\/categories?post=643"},{"taxonomy":"post_tag","embeddable":true,"href":"https:\/\/lavereda.com.mx\/index.php\/wp-json\/wp\/v2\/tags?post=643"}],"curies":[{"name":"wp","href":"https:\/\/api.w.org\/{rel}","templated":true}]}}