{"id":6423,"date":"2024-12-04T23:34:08","date_gmt":"2024-12-04T23:34:08","guid":{"rendered":"http:\/\/lavereda.com.mx\/?p=6423"},"modified":"2024-12-04T23:34:08","modified_gmt":"2024-12-04T23:34:08","slug":"presentan-sinfonia-de-estrellas-gala-de-opera-boleros-y-teatro-musical","status":"publish","type":"post","link":"https:\/\/lavereda.com.mx\/index.php\/2024\/12\/04\/presentan-sinfonia-de-estrellas-gala-de-opera-boleros-y-teatro-musical\/","title":{"rendered":"Presentan Sinfon\u00eda de Estrellas: gala de \u00f3pera, boleros y teatro musical"},"content":{"rendered":"\n<p>Por octavo a\u00f1o, llega a la ciudad de Torre\u00f3n, el Concierto de Gala que ofrece Cantos para el Mundo, bajo el lema \u201cSinfon\u00eda de Estrellas\u201d, organizado por la mezzosoprano lagunera Paulina Villarreal y en el que invita a artistas de diversas partes del mundo, as\u00ed como a laguneros.<\/p>\n\n\n\n<p>El concierto se realizar\u00e1 el jueves 5 de diciembre a las 8 de la noche en el Teatro Isauro Mart\u00ednez.<\/p>\n\n\n\n<p>Esta gran gala de \u00f3pera, boleros, teatro musical y temas navide\u00f1os tendr\u00e1 la participaci\u00f3n de Paulina Villarreal, mezzosoprano y Directora, as\u00ed como Reilly Nelson, soprano de Canad\u00e1, Paulina de la Fuente de M\u00e9xico; Justin Moniz, tenor de Estados Unidos; David C\u00f3rdoba, pianista de Colombia y Esther Garc\u00eda, pianista de Espa\u00f1a.<\/p>\n\n\n\n<p>Tambi\u00e9n estar\u00e1n como invitados especiales el tenor David Guzm\u00e1n, el bar\u00edtono James Demier de la Universidad de Bost\u00f3n. Los acompa\u00f1ar\u00e1n al viol\u00edn, Juan Manuel Mart\u00ednez, en el saxof\u00f3n, Juan Barrios y en el bandone\u00f3n Ra\u00fal J\u00e1quez. Adem\u00e1s tendr\u00e1 una actuaci\u00f3n especial del grupo Talentos y Arte 4.<\/p>\n\n\n\n<p>Parte del repertorio de este a\u00f1o incluye obras de Rossini, Dvorak, Mozart, Frank Sinatra, canciones mexicanas, tangos, jazz y m\u00fasica de pel\u00edculas. \u00a0Asimismo, habr\u00e1 alfombra roja para la llegada de artistas, invitados especiales y p\u00fablico en general.<\/p>\n\n\n\n<p>En la rueda de prensa ofrecida por los cantantes y m\u00fasicos, Paulina Villarreal, entreg\u00f3 un reconocimiento especial a Justin John Moniz, luego de que lleva cinco a\u00f1os participando en este importante evento, representando a Estados Unidos.<\/p>\n","protected":false},"excerpt":{"rendered":"<p>Por octavo a\u00f1o, llega a la ciudad de Torre\u00f3n, el Concierto de Gala que ofrece Cantos para el Mundo, bajo el lema \u201cSinfon\u00eda de Estrellas\u201d, organizado por la mezzosoprano lagunera &hellip; <a href=\"https:\/\/lavereda.com.mx\/index.php\/2024\/12\/04\/presentan-sinfonia-de-estrellas-gala-de-opera-boleros-y-teatro-musical\/\" class=\"more-link\">Leer m\u00e1s<\/a><\/p>\n","protected":false},"author":9,"featured_media":6424,"comment_status":"open","ping_status":"open","sticky":false,"template":"","format":"standard","meta":{"footnotes":""},"categories":[18,4],"tags":[],"class_list":["post-6423","post","type-post","status-publish","format-standard","has-post-thumbnail","hentry","category-lomasrelevante","category-musica","entry"],"_links":{"self":[{"href":"https:\/\/lavereda.com.mx\/index.php\/wp-json\/wp\/v2\/posts\/6423","targetHints":{"allow":["GET"]}}],"collection":[{"href":"https:\/\/lavereda.com.mx\/index.php\/wp-json\/wp\/v2\/posts"}],"about":[{"href":"https:\/\/lavereda.com.mx\/index.php\/wp-json\/wp\/v2\/types\/post"}],"author":[{"embeddable":true,"href":"https:\/\/lavereda.com.mx\/index.php\/wp-json\/wp\/v2\/users\/9"}],"replies":[{"embeddable":true,"href":"https:\/\/lavereda.com.mx\/index.php\/wp-json\/wp\/v2\/comments?post=6423"}],"version-history":[{"count":1,"href":"https:\/\/lavereda.com.mx\/index.php\/wp-json\/wp\/v2\/posts\/6423\/revisions"}],"predecessor-version":[{"id":6425,"href":"https:\/\/lavereda.com.mx\/index.php\/wp-json\/wp\/v2\/posts\/6423\/revisions\/6425"}],"wp:featuredmedia":[{"embeddable":true,"href":"https:\/\/lavereda.com.mx\/index.php\/wp-json\/wp\/v2\/media\/6424"}],"wp:attachment":[{"href":"https:\/\/lavereda.com.mx\/index.php\/wp-json\/wp\/v2\/media?parent=6423"}],"wp:term":[{"taxonomy":"category","embeddable":true,"href":"https:\/\/lavereda.com.mx\/index.php\/wp-json\/wp\/v2\/categories?post=6423"},{"taxonomy":"post_tag","embeddable":true,"href":"https:\/\/lavereda.com.mx\/index.php\/wp-json\/wp\/v2\/tags?post=6423"}],"curies":[{"name":"wp","href":"https:\/\/api.w.org\/{rel}","templated":true}]}}