{"id":6397,"date":"2024-11-29T19:47:20","date_gmt":"2024-11-29T19:47:20","guid":{"rendered":"http:\/\/lavereda.com.mx\/?p=6397"},"modified":"2024-11-29T19:47:21","modified_gmt":"2024-11-29T19:47:21","slug":"silvia-pinal-un-gran-legado-artistico-y-cultural-en-mexico","status":"publish","type":"post","link":"https:\/\/lavereda.com.mx\/index.php\/2024\/11\/29\/silvia-pinal-un-gran-legado-artistico-y-cultural-en-mexico\/","title":{"rendered":"Silvia Pinal: un gran legado art\u00edstico y cultural en M\u00e9xico"},"content":{"rendered":"\n<ul class=\"wp-block-list\">\n<li><strong>Se realizar\u00e1<\/strong> <strong>un homenaje luctuoso el pr\u00f3ximo s\u00e1bado 30 de noviembre, a partir de las 11:00 horas, en el Palacio de Bellas Artes<\/strong><\/li>\n<\/ul>\n\n\n\n<p>La Secretar\u00eda de Cultura del Gobierno de M\u00e9xico, a trav\u00e9s del Instituto Nacional de Bellas Artes y Literatura (INBAL), lament\u00f3 el deceso el d\u00eda de ayer, 28 de noviembre de 2024, de la primera actriz Silvia Pinal,\u00a0figura ic\u00f3nica de la \u00c9poca de Oro del cine mexicano\u00a0y cuya\u00a0trayectoria, de m\u00e1s de siete d\u00e9cadas, le valieron diversos premios y el reconocimiento del p\u00fablico en M\u00e9xico y en el extranjero.<\/p>\n\n\n\n<p>La Secretar\u00eda de Cultura del Gobierno de M\u00e9xico y el INBAL, en acuerdo con la familia de la primera actriz Silvia Pinal, realizar\u00e1n un homenaje luctuoso el pr\u00f3ximo s\u00e1bado 30 de noviembre, a partir de las 11:00 h, en el Palacio de Bellas Artes. Asimismo, se prepara una retrospectiva en la Cineteca Nacional.<\/p>\n\n\n\n<p>Silvia Pinal deja un legado indiscutible en el teatro, el cine, la televisi\u00f3n y la radio. El importante papel de la actriz durante la \u00c9poca de Oro del cine mexicano se destaca con su participaci\u00f3n en la emblem\u00e1tica cinta&nbsp;<em>Viridiana<\/em>&nbsp;(1961), dirigida por Luis Bu\u00f1uel, con la cual obtuvo la Palma de Oro en el Festival de Cannes, Francia. Adem\u00e1s, fue dirigida por el cineasta aragon\u00e9s en&nbsp;<em>El \u00e1ngel exterminador<\/em>&nbsp;(1962) y&nbsp;<em>Sim\u00f3n del desierto&nbsp;<\/em>(1964).<\/p>\n\n\n\n<p>Otras cintas que destacan en su trayectoria son&nbsp;<em>Historia de un abrigo de mink,&nbsp;<\/em>dirigida por Emilio G\u00f3mez Muriel;&nbsp;<em>El rey del barrio<\/em>, en donde comparti\u00f3 escena con Germ\u00e1n Vald\u00e9s&nbsp;<em>Tin Tan<\/em>;&nbsp;<em>El inocente<\/em>, en la cual trabaj\u00f3 junto con Pedro Infante;&nbsp;<em>La soldadera<\/em>, cinta dirigida por Jos\u00e9 Bola\u00f1os, que explora la Revoluci\u00f3n Mexicana, entre otras.<\/p>\n\n\n\n<p>La trascendencia cultural de Silvia Pinal lleg\u00f3 hasta las artes visuales cuando, en 1957, inspir\u00f3 a Diego Rivera, quien la inmortaliz\u00f3 en un retrato invaluable.<\/p>\n\n\n\n<p>Originaria de Guaymas, Sonora, Silvia Pinal \u2013nacida el 12 de septiembre de 1931\u2013 tom\u00f3 clases de actuaci\u00f3n en la Escuela de Bellas Artes, donde fue&nbsp;alumna de Carlos Pellicer, Salvador Novo y Xavier Villaurrutia. Inici\u00f3 su trayectoria en el teatro bajo la direcci\u00f3n de Rafael Banquells como parte de la compa\u00f1\u00eda de la actriz espa\u00f1ola&nbsp;Isabelita Blanch,&nbsp;en el Teatro Ideal de la Ciudad de M\u00e9xico.<\/p>\n\n\n\n<p>Su carrera en los escenarios continu\u00f3 con obras como&nbsp;<em>Celos del aire<\/em>, con Manolo F\u00e1bregas y Carmen Montejo;&nbsp;<em>Don Juan Tenorio<\/em>, con Jorge Mistral;&nbsp;<em>La loca del Chaillot<\/em>, con Prudencia Grifell;&nbsp;<em>El cuadrante de la soledad,&nbsp;<\/em>de Jos\u00e9 Revueltas, dirigida por&nbsp;Ignacio Retes, con escenograf\u00eda de Diego Rivera;&nbsp;<em>La sed<\/em>, de Henri Bernstein, con Ernesto Alonso y&nbsp;<em>Anna Christie<\/em>, junto a Felipe Montoya y Wolf Ruvinskis.<\/p>\n\n\n\n<p>En la d\u00e9cada de los cincuenta produjo la primera obra musical&nbsp;<em>Ring Ring, llama el amor<\/em>, dirigida por Luis de Llano, con escenograf\u00eda de Julio Prieto, representada en el Teatro del Bosque. Otras puestas en escena de dicho corte fueron&nbsp;<em>Irma la dulce<\/em>, que dirigi\u00f3 Enrique Rambal y en la que actu\u00f3 con Julio Alem\u00e1n, y la famosa&nbsp;<em>Mame<\/em>, exitoso montaje de Broadway que present\u00f3 en 1972, 1985 y 1989, bajo la direcci\u00f3n de&nbsp;Jos\u00e9 Luis Ib\u00e1\u00f1ez, con quien trabaj\u00f3 en&nbsp;<em>Annie es un tiro<\/em>, con escenograf\u00eda de David Ant\u00f3n, y&nbsp;<em>Hello, Dolly!&nbsp;<\/em>(<em>\u00a1Qu\u00e9 tal, Dolly!<\/em>).<\/p>\n\n\n\n<p>Como empresaria, en 1988, adquiri\u00f3 el Cine Estadio y lo transform\u00f3 en el&nbsp;Teatro Silvia Pinal, dedicado principalmente a la comedia musical y en el cual mont\u00f3 sus propias producciones. En 1992, compr\u00f3 el Cine Versalles, en la&nbsp;colonia Ju\u00e1rez, y lo convirti\u00f3 en el Teatro Diego Rivera, que desde 2014 se llama Nuevo Teatro Silvia Pinal.<\/p>\n\n\n\n<p>En el \u00e1mbito cinematogr\u00e1fico, tuvo una destacada participaci\u00f3n&nbsp;en&nbsp;la pel\u00edcula&nbsp;<em>Un rinc\u00f3n cerca del cielo (1952),<\/em>&nbsp;la cual le vali\u00f3 su primer Ariel como coestelar, galard\u00f3n que tambi\u00e9n recibi\u00f3 por&nbsp;su actuaci\u00f3n en las cintas&nbsp;<em>La dulce enemiga<\/em>&nbsp;y&nbsp;<em>Locura pasional<\/em>, as\u00ed como el Ariel de Oro en 2008.<\/p>\n\n\n\n<p>En la televisi\u00f3n, la actriz conquist\u00f3 a un p\u00fablico multitudinario mediante los televiteatros producidos por Manolo F\u00e1bregas,&nbsp;<em>Los especiales de Silvia Pinal<\/em>&nbsp;y&nbsp;<em>Mujer, casos de la vida real<\/em>, que produjo y que se transmitieron desde 1985 a 2007; adem\u00e1s de participar telenovelas como&nbsp;<em>Los caudillos,&nbsp;<\/em>entre otras.<\/p>\n\n\n\n<p>Desarroll\u00f3 tambi\u00e9n una importante labor sindical a favor de actrices y actores, como parte de su labor como&nbsp;dirigente de la Asociaci\u00f3n Nacional de Int\u00e9rpretes&nbsp;entre&nbsp;1988 y 1995 y como secretaria general de la Asociaci\u00f3n Nacional de Actores (ANDA) entre 2010 y 2014.<\/p>\n\n\n\n<p>El 29 de agosto de 2022, la Secretar\u00eda de Cultura del Gobierno de M\u00e9xico le realiz\u00f3 un homenaje en vida en el Palacio de Bellas Artes, como reconocimiento a su amplia trayectoria, en el cual colaboraron tambi\u00e9n el INBAL y la Cineteca Nacional.<\/p>\n","protected":false},"excerpt":{"rendered":"<p>La Secretar\u00eda de Cultura del Gobierno de M\u00e9xico, a trav\u00e9s del Instituto Nacional de Bellas Artes y Literatura (INBAL), lament\u00f3 el deceso el d\u00eda de ayer, 28 de noviembre de &hellip; <a href=\"https:\/\/lavereda.com.mx\/index.php\/2024\/11\/29\/silvia-pinal-un-gran-legado-artistico-y-cultural-en-mexico\/\" class=\"more-link\">Leer m\u00e1s<\/a><\/p>\n","protected":false},"author":1,"featured_media":6398,"comment_status":"open","ping_status":"open","sticky":false,"template":"","format":"standard","meta":{"footnotes":""},"categories":[2,18],"tags":[40,190,36],"class_list":["post-6397","post","type-post","status-publish","format-standard","has-post-thumbnail","hentry","category-artes-escenicas","category-lomasrelevante","tag-cine","tag-silvia-pinal","tag-teatro","entry"],"_links":{"self":[{"href":"https:\/\/lavereda.com.mx\/index.php\/wp-json\/wp\/v2\/posts\/6397","targetHints":{"allow":["GET"]}}],"collection":[{"href":"https:\/\/lavereda.com.mx\/index.php\/wp-json\/wp\/v2\/posts"}],"about":[{"href":"https:\/\/lavereda.com.mx\/index.php\/wp-json\/wp\/v2\/types\/post"}],"author":[{"embeddable":true,"href":"https:\/\/lavereda.com.mx\/index.php\/wp-json\/wp\/v2\/users\/1"}],"replies":[{"embeddable":true,"href":"https:\/\/lavereda.com.mx\/index.php\/wp-json\/wp\/v2\/comments?post=6397"}],"version-history":[{"count":1,"href":"https:\/\/lavereda.com.mx\/index.php\/wp-json\/wp\/v2\/posts\/6397\/revisions"}],"predecessor-version":[{"id":6399,"href":"https:\/\/lavereda.com.mx\/index.php\/wp-json\/wp\/v2\/posts\/6397\/revisions\/6399"}],"wp:featuredmedia":[{"embeddable":true,"href":"https:\/\/lavereda.com.mx\/index.php\/wp-json\/wp\/v2\/media\/6398"}],"wp:attachment":[{"href":"https:\/\/lavereda.com.mx\/index.php\/wp-json\/wp\/v2\/media?parent=6397"}],"wp:term":[{"taxonomy":"category","embeddable":true,"href":"https:\/\/lavereda.com.mx\/index.php\/wp-json\/wp\/v2\/categories?post=6397"},{"taxonomy":"post_tag","embeddable":true,"href":"https:\/\/lavereda.com.mx\/index.php\/wp-json\/wp\/v2\/tags?post=6397"}],"curies":[{"name":"wp","href":"https:\/\/api.w.org\/{rel}","templated":true}]}}