{"id":6391,"date":"2024-11-27T17:55:58","date_gmt":"2024-11-27T17:55:58","guid":{"rendered":"http:\/\/lavereda.com.mx\/?p=6391"},"modified":"2024-11-27T17:56:38","modified_gmt":"2024-11-27T17:56:38","slug":"por-primera-vez-en-mexico-new-generation-project-presenta-vivaldi-dj","status":"publish","type":"post","link":"https:\/\/lavereda.com.mx\/index.php\/2024\/11\/27\/por-primera-vez-en-mexico-new-generation-project-presenta-vivaldi-dj\/","title":{"rendered":"Por primera vez en M\u00e9xico New Generation Project presenta Vivaldi DJ"},"content":{"rendered":"\n<ul class=\"wp-block-list\">\n<li><strong><em>Participa el violinista mexicano Ismael Estevan\u00e9<\/em><\/strong><\/li>\n<\/ul>\n\n\n\n<p>New Generation Project presenta desde Armenia por primera vez en M\u00e9xico una propuesta musical original: VIVALDI DJ, una fusi\u00f3n m\u00fasical sensorial y visual que inundar\u00e1 de emociones el Teatro Isauro Mart\u00ednez, este pr\u00f3ximo jueves 28 de noviembre en punto de las 20:30 Hrs.<\/p>\n\n\n\n<p>Bajo la direcci\u00f3n art\u00edstica Narek Gasparyan, New Generation Project ha sido una productora pionera en eventos de este tipo en Armenia, dichos arreglos fueron compuestos por DJ BeatMan y Arman Peshtmaljyan.<\/p>\n\n\n\n<p>Las cuatro estaciones es un conjunto de cuatro conciertos para viol\u00edn y orquesta (cada uno est\u00e1 dedicado a una estaci\u00f3n: La primavera, El verano, El oto\u00f1o y El invierno) del compositor italiano Antonio Vivaldi.<\/p>\n\n\n\n<figure class=\"wp-block-image size-large is-resized\"><img fetchpriority=\"high\" decoding=\"async\" width=\"1024\" height=\"1004\" src=\"https:\/\/lavereda.com.mx\/wp-content\/uploads\/2024\/11\/WhatsApp-Image-2024-11-26-at-9.12.54-AM-1-1024x1004.jpeg\" alt=\"\" class=\"wp-image-6394\" style=\"width:450px;height:auto\" srcset=\"https:\/\/lavereda.com.mx\/wp-content\/uploads\/2024\/11\/WhatsApp-Image-2024-11-26-at-9.12.54-AM-1-1024x1004.jpeg 1024w, https:\/\/lavereda.com.mx\/wp-content\/uploads\/2024\/11\/WhatsApp-Image-2024-11-26-at-9.12.54-AM-1-300x294.jpeg 300w, https:\/\/lavereda.com.mx\/wp-content\/uploads\/2024\/11\/WhatsApp-Image-2024-11-26-at-9.12.54-AM-1-768x753.jpeg 768w, https:\/\/lavereda.com.mx\/wp-content\/uploads\/2024\/11\/WhatsApp-Image-2024-11-26-at-9.12.54-AM-1.jpeg 1155w\" sizes=\"(max-width: 1024px) 100vw, 1024px\" \/><\/figure>\n\n\n\n<p><\/p>\n\n\n\n<p>Las cuatro estaciones es la obra m\u00e1s conocida de Vivaldi. Inusual para la \u00e9poca, Vivaldi public\u00f3 los conciertos con unos poemas de acompa\u00f1amiento (posiblemente escritos por el propio Vivaldi) que describ\u00edan qu\u00e9 quer\u00eda representar en relaci\u00f3n a cada una de las estaciones. Proporciona uno de los ejemplos m\u00e1s tempranos y detallados de lo que despu\u00e9s se llamar\u00eda m\u00fasica program\u00e1tica o descriptiva, m\u00fasica con un elemento narrativo.<\/p>\n\n\n\n<p>El maestro Ismael Estevan\u00e9 es considerado como uno de los violinistas j\u00f3venes m\u00e1s talentosos y emocionantes de la escena musical en M\u00e9xico, estar\u00e1 acompa\u00f1ado por un ensamble de cuerdas conformado por 7 m\u00fasicos profesionales.<\/p>\n\n\n\n<figure class=\"wp-block-image size-large is-resized\"><img decoding=\"async\" width=\"1024\" height=\"1004\" src=\"https:\/\/lavereda.com.mx\/wp-content\/uploads\/2024\/11\/WhatsApp-Image-2024-11-26-at-9.12.54-AM-1024x1004.jpeg\" alt=\"\" class=\"wp-image-6393\" style=\"width:443px;height:auto\" srcset=\"https:\/\/lavereda.com.mx\/wp-content\/uploads\/2024\/11\/WhatsApp-Image-2024-11-26-at-9.12.54-AM-1024x1004.jpeg 1024w, https:\/\/lavereda.com.mx\/wp-content\/uploads\/2024\/11\/WhatsApp-Image-2024-11-26-at-9.12.54-AM-300x294.jpeg 300w, https:\/\/lavereda.com.mx\/wp-content\/uploads\/2024\/11\/WhatsApp-Image-2024-11-26-at-9.12.54-AM-768x753.jpeg 768w, https:\/\/lavereda.com.mx\/wp-content\/uploads\/2024\/11\/WhatsApp-Image-2024-11-26-at-9.12.54-AM.jpeg 1100w\" sizes=\"(max-width: 1024px) 100vw, 1024px\" \/><\/figure>\n\n\n\n<p><\/p>\n\n\n\n<p>Una producci\u00f3n visual con proyecci\u00f3n de animaciones durante todo el evento junto a la iluminaci\u00f3n, jugar\u00e1n un papel muy importante para este evento, la cu\u00e1l se fusiona en esta producci\u00f3n internacional junto a la belleza de el Teatro Isauro Mart\u00ednez.<\/p>\n\n\n\n<p>Este concierto exclusivo te llevar\u00e1 a un viaje sonoro inolvidable, donde la m\u00fasica cl\u00e1sica se encuentra con la energ\u00eda del DJ en el Teatro Isauro Mart\u00ednez, este pr\u00f3ximo jueves 28 de noviembre en punto de las 20:30 Hrs.<\/p>\n\n\n\n<p>Los boletos pueden ser adquiridos en la plataforma Newticket y en taquillas del teatro.<\/p>\n","protected":false},"excerpt":{"rendered":"<p>New Generation Project presenta desde Armenia por primera vez en M\u00e9xico una propuesta musical original: VIVALDI DJ, una fusi\u00f3n m\u00fasical sensorial y visual que inundar\u00e1 de emociones el Teatro Isauro &hellip; <a href=\"https:\/\/lavereda.com.mx\/index.php\/2024\/11\/27\/por-primera-vez-en-mexico-new-generation-project-presenta-vivaldi-dj\/\" class=\"more-link\">Leer m\u00e1s<\/a><\/p>\n","protected":false},"author":1,"featured_media":6392,"comment_status":"open","ping_status":"open","sticky":false,"template":"","format":"standard","meta":{"footnotes":""},"categories":[18,4],"tags":[36,33,189],"class_list":["post-6391","post","type-post","status-publish","format-standard","has-post-thumbnail","hentry","category-lomasrelevante","category-musica","tag-teatro","tag-torreon-2","tag-vivaldi","entry"],"_links":{"self":[{"href":"https:\/\/lavereda.com.mx\/index.php\/wp-json\/wp\/v2\/posts\/6391","targetHints":{"allow":["GET"]}}],"collection":[{"href":"https:\/\/lavereda.com.mx\/index.php\/wp-json\/wp\/v2\/posts"}],"about":[{"href":"https:\/\/lavereda.com.mx\/index.php\/wp-json\/wp\/v2\/types\/post"}],"author":[{"embeddable":true,"href":"https:\/\/lavereda.com.mx\/index.php\/wp-json\/wp\/v2\/users\/1"}],"replies":[{"embeddable":true,"href":"https:\/\/lavereda.com.mx\/index.php\/wp-json\/wp\/v2\/comments?post=6391"}],"version-history":[{"count":2,"href":"https:\/\/lavereda.com.mx\/index.php\/wp-json\/wp\/v2\/posts\/6391\/revisions"}],"predecessor-version":[{"id":6396,"href":"https:\/\/lavereda.com.mx\/index.php\/wp-json\/wp\/v2\/posts\/6391\/revisions\/6396"}],"wp:featuredmedia":[{"embeddable":true,"href":"https:\/\/lavereda.com.mx\/index.php\/wp-json\/wp\/v2\/media\/6392"}],"wp:attachment":[{"href":"https:\/\/lavereda.com.mx\/index.php\/wp-json\/wp\/v2\/media?parent=6391"}],"wp:term":[{"taxonomy":"category","embeddable":true,"href":"https:\/\/lavereda.com.mx\/index.php\/wp-json\/wp\/v2\/categories?post=6391"},{"taxonomy":"post_tag","embeddable":true,"href":"https:\/\/lavereda.com.mx\/index.php\/wp-json\/wp\/v2\/tags?post=6391"}],"curies":[{"name":"wp","href":"https:\/\/api.w.org\/{rel}","templated":true}]}}