{"id":6380,"date":"2024-11-19T18:11:01","date_gmt":"2024-11-19T18:11:01","guid":{"rendered":"http:\/\/lavereda.com.mx\/?p=6380"},"modified":"2024-11-19T18:11:31","modified_gmt":"2024-11-19T18:11:31","slug":"la-infinita-aproximacion-un-viaje-profundo-hacia-el-mundo-de-los-suenos","status":"publish","type":"post","link":"https:\/\/lavereda.com.mx\/index.php\/2024\/11\/19\/la-infinita-aproximacion-un-viaje-profundo-hacia-el-mundo-de-los-suenos\/","title":{"rendered":"La infinita aproximaci\u00f3n: Un viaje profundo hacia el mundo de los sue\u00f1os"},"content":{"rendered":"\n<p><strong><em>Por:<\/em><\/strong> <strong><em>Rafael Montes<\/em><\/strong>*<\/p>\n\n\n\n<p>En&nbsp;<em>La infinita aproximaci\u00f3n<\/em>, Nadia Contreras, a trav\u00e9s de una serie de ensayos escritos entre 2014 y 2024, ofrece un recorrido profundo por los laberintos de la mente humana, donde los sue\u00f1os se presentan no solo como fen\u00f3menos personales, sino como una experiencia universal que conecta a toda la humanidad.&nbsp;<\/p>\n\n\n\n<p>En este libro, Contreras no solo aborda los sue\u00f1os como un fen\u00f3meno subjetivo, sino tambi\u00e9n como una herramienta para comprender la realidad y el inconsciente. En uno de los textos, se apropia de una c\u00e9lebre cita de Ana\u00efs Nin, quien afirmaba que \u201clos sue\u00f1os son indispensables para la vida\u201d. Esta frase encapsula la importancia de los sue\u00f1os como puertas hacia otras existencias, como v\u00edas de escape cuando la vida se vuelve compleja. La autora va m\u00e1s all\u00e1 y sugiere que los seres humanos necesitamos estos momentos on\u00edricos como una forma de evasi\u00f3n y como una fuente de inspiraci\u00f3n y creatividad.<\/p>\n\n\n\n<p>Biogr\u00e1ficamente, Nadia Contreras es una escritora y acad\u00e9mica originaria de Queser\u00eda, Colima, que actualmente reside en Torre\u00f3n, Coahuila, donde se desempe\u00f1a como Coordinadora de Literatura en el Instituto Municipal de Cultura y Educaci\u00f3n. Posee una maestr\u00eda en Ciencias Sociales por la Universidad de Colima y, adem\u00e1s de su labor acad\u00e9mica, ha sido gestora cultural, fundando en 2014 la editorial Bit\u00e1cora de vuelos ediciones, dedicada a la difusi\u00f3n de la literatura contempor\u00e1nea. Su obra ha sido traducida a varios idiomas, lo que ha permitido que su visi\u00f3n po\u00e9tica sobre los sue\u00f1os y el inconsciente alcance una audiencia internacional.<\/p>\n\n\n\n<p>Una de las experiencias m\u00e1s reveladoras que Contreras describe en esta obra es un sue\u00f1o recurrente en el que se encuentra dentro de un veh\u00edculo que se desplaza de manera err\u00e1tica: \u201cEn uno de mis sue\u00f1os, me encuentro dentro de un veh\u00edculo que se mueve de manera caprichosa&#8230; Intento avanzar, pero una fuerza colosal lo jala hacia la izquierda o la derecha&#8230; La primera vez que tuve este sue\u00f1o, despert\u00e9 horrorizada\u201d. Este sue\u00f1o se convierte en un espejismo de las luchas internas y ansiedades del ser humano, pero tambi\u00e9n act\u00faa como un espejo donde se reflejan nuestros miedos m\u00e1s profundos y las situaciones incontrolables de nuestra vida cotidiana.<\/p>\n\n\n\n<p>A lo largo de&nbsp;<em>La infinita aproximaci\u00f3n<\/em>, la autora dialoga con las teor\u00edas de Freud y Jung, dos de los pensadores m\u00e1s influyentes en el estudio de los sue\u00f1os, posicionando su trabajo dentro de un marco psicol\u00f3gico y filos\u00f3fico. Freud, en su c\u00e9lebre&nbsp;<em>La interpretaci\u00f3n de los sue\u00f1os<\/em>, argumentaba que los sue\u00f1os son manifestaciones de deseos y conflictos reprimidos, una idea que Contreras retoma al reflexionar sobre c\u00f3mo los sue\u00f1os nos permiten explorar los rincones m\u00e1s oscuros de nuestra psique. Adem\u00e1s, el concepto de \u201cInconsciente colectivo\u201d de Jung ampl\u00eda la perspectiva de la autora, sugiriendo que los sue\u00f1os no solo son personales, sino que est\u00e1n cargados de s\u00edmbolos y arquetipos universales que conectan a todas las personas a lo largo del tiempo.<\/p>\n\n\n\n<p>M\u00e1s all\u00e1 de las referencias te\u00f3ricas y literarias,&nbsp;<em>La infinita aproximaci\u00f3n<\/em>&nbsp;est\u00e1 impregnada de un estilo po\u00e9tico que crea una intersecci\u00f3n entre lo filos\u00f3fico y lo literario, entre el estudio acad\u00e9mico y el an\u00e1lisis psicol\u00f3gico. Otra de las obras destacadas de Contreras en su exploraci\u00f3n del mundo on\u00edrico es su antolog\u00eda de poemas&nbsp;<em>La luz es un efecto \u00f3ptico<\/em>&nbsp;(2022). En ella ofrece una visi\u00f3n similar sobre los sue\u00f1os, pero desde un enfoque m\u00e1s l\u00edrico y menos racional. En sus versos, los sue\u00f1os se convierten en un espacio simb\u00f3lico donde lo subconsciente puede expresarse libremente. En uno de los libros titulado&nbsp;<em>Caleidoscopio<\/em>&nbsp;(2013), la autora escribe: \u201cEn el interior de los sue\u00f1os se forma la grieta\u201d, una met\u00e1fora que ilustra la fractura entre la realidad y el deseo, entre lo consciente y lo subconsciente. Este uso del sue\u00f1o como un espacio simb\u00f3lico se convierte en una constante en su poes\u00eda, similar a los trabajos de otros escritores interesados en la naturaleza laber\u00edntica de los sue\u00f1os, como el argentino Jorge Luis Borges.<\/p>\n\n\n\n<p>La antolog\u00eda&nbsp;<em>La luz es un efecto \u00f3ptico<\/em>&nbsp;no solo complementa la exploraci\u00f3n de los sue\u00f1os en&nbsp;<em>La infinita aproximaci\u00f3n<\/em>, sino que ampl\u00eda la comprensi\u00f3n de Contreras sobre c\u00f3mo estos sue\u00f1os se interrelacionan. En su poes\u00eda, el sue\u00f1o deja de ser un fen\u00f3meno aislado y se convierte en un reflejo integral de la experiencia humana, algo que, como ella misma menciona en su ensayo, ha sido ampliamente estudiado por la psicolog\u00eda y la filosof\u00eda. Aunque el enfoque de ambos libros es distinto, ambos se entrelazan en su tratamiento del sue\u00f1o como una herramienta de autodescubrimiento.Ambas obras reflejan la versatilidad de Nadia Contreras como escritora, capaz de moverse entre el ensayo profundo y la poes\u00eda evocadora, pero siempre manteniendo como n\u00facleo la exploraci\u00f3n del mundo on\u00edrico y sus repercusiones en la mente humana. En definitiva,&nbsp;<em>La infinita aproximaci\u00f3n<\/em>&nbsp;es una obra que ofrece un recorrido fascinante por el mundo de los sue\u00f1os, invitando al lector a entenderse mejor a trav\u00e9s de las experiencias que compartimos en este espacio tan peculiar y profundo de nuestra existencia<\/p>\n\n\n\n<p>*<strong><em>Rafael Montes es autor y cr\u00edtico literario<\/em><\/strong><\/p>\n","protected":false},"excerpt":{"rendered":"<p>Por: Rafael Montes* En&nbsp;La infinita aproximaci\u00f3n, Nadia Contreras, a trav\u00e9s de una serie de ensayos escritos entre 2014 y 2024, ofrece un recorrido profundo por los laberintos de la mente &hellip; <a href=\"https:\/\/lavereda.com.mx\/index.php\/2024\/11\/19\/la-infinita-aproximacion-un-viaje-profundo-hacia-el-mundo-de-los-suenos\/\" class=\"more-link\">Leer m\u00e1s<\/a><\/p>\n","protected":false},"author":1,"featured_media":6381,"comment_status":"open","ping_status":"open","sticky":false,"template":"","format":"standard","meta":{"footnotes":""},"categories":[5,18],"tags":[32,166],"class_list":["post-6380","post","type-post","status-publish","format-standard","has-post-thumbnail","hentry","category-letras-y-libros","category-lomasrelevante","tag-literatura","tag-nadia-contreras","entry"],"_links":{"self":[{"href":"https:\/\/lavereda.com.mx\/index.php\/wp-json\/wp\/v2\/posts\/6380","targetHints":{"allow":["GET"]}}],"collection":[{"href":"https:\/\/lavereda.com.mx\/index.php\/wp-json\/wp\/v2\/posts"}],"about":[{"href":"https:\/\/lavereda.com.mx\/index.php\/wp-json\/wp\/v2\/types\/post"}],"author":[{"embeddable":true,"href":"https:\/\/lavereda.com.mx\/index.php\/wp-json\/wp\/v2\/users\/1"}],"replies":[{"embeddable":true,"href":"https:\/\/lavereda.com.mx\/index.php\/wp-json\/wp\/v2\/comments?post=6380"}],"version-history":[{"count":2,"href":"https:\/\/lavereda.com.mx\/index.php\/wp-json\/wp\/v2\/posts\/6380\/revisions"}],"predecessor-version":[{"id":6383,"href":"https:\/\/lavereda.com.mx\/index.php\/wp-json\/wp\/v2\/posts\/6380\/revisions\/6383"}],"wp:featuredmedia":[{"embeddable":true,"href":"https:\/\/lavereda.com.mx\/index.php\/wp-json\/wp\/v2\/media\/6381"}],"wp:attachment":[{"href":"https:\/\/lavereda.com.mx\/index.php\/wp-json\/wp\/v2\/media?parent=6380"}],"wp:term":[{"taxonomy":"category","embeddable":true,"href":"https:\/\/lavereda.com.mx\/index.php\/wp-json\/wp\/v2\/categories?post=6380"},{"taxonomy":"post_tag","embeddable":true,"href":"https:\/\/lavereda.com.mx\/index.php\/wp-json\/wp\/v2\/tags?post=6380"}],"curies":[{"name":"wp","href":"https:\/\/api.w.org\/{rel}","templated":true}]}}