{"id":6356,"date":"2024-11-10T20:22:21","date_gmt":"2024-11-10T20:22:21","guid":{"rendered":"http:\/\/lavereda.com.mx\/?p=6356"},"modified":"2024-11-10T20:22:21","modified_gmt":"2024-11-10T20:22:21","slug":"el-escritor-lagunero-alejandro-figueroa-presenta-su-mas-reciente-obra-en-queretaro","status":"publish","type":"post","link":"https:\/\/lavereda.com.mx\/index.php\/2024\/11\/10\/el-escritor-lagunero-alejandro-figueroa-presenta-su-mas-reciente-obra-en-queretaro\/","title":{"rendered":"El escritor lagunero Alejandro Figueroa presenta su m\u00e1s reciente obra en Quer\u00e9taro"},"content":{"rendered":"\n<p>Alejandro Figueroa Moreno dio a conocer el 8 de noviembre de 2024 en Quer\u00e9taro, su m\u00e1s reciente obra \u00abA\u00f1o 3721\u00bb, en la emblem\u00e1tica librer\u00eda El Alquimista, ubicada en el coraz\u00f3n de la ciudad.\u00a0<\/p>\n\n\n\n<p>Como su nombre lo dice, A\u00f1o 3721 es un vistazo del mundo futuro y en donde el ser humano convive cada vez m\u00e1s con la llamada inteligencia artificial, pero plantea \u00bfen qu\u00e9 medida ha evolucionado como especie?&nbsp;<\/p>\n\n\n\n<p>Cada p\u00e1gina del libro, sin ser un repaso cronol\u00f3gico, permite asomarse al lector a un porvenir imaginario; como si hojease al azar una hemeroteca futurista o una m\u00e1quina del tiempo. Nos adentra tambi\u00e9n a objetivos imaginarios que pretenden alejar cada vez m\u00e1s a la gente, de su medio circundante y someterlo a contemplar mundos virtuales, tal como unos lentes ajustados a los globos oculares \u00a1incluso desde el nacimiento! para que se vaya olvidando de lo que es verdaderamente real.&nbsp;<\/p>\n\n\n\n<p>El lector descubrir\u00e1 si esos planes se concretan o por otro lado si el hombre vivir\u00e1 m\u00e1s bien etapas doradas, sin tantas prisas ni presiones y m\u00e1s cercanas a la naturaleza, al punto de entablar comunicaci\u00f3n con esta. Algunos de los encabezados dentro del libro son: Realidad reseteada; Inteligencias artificiales; Moda futura; Un nuevo mundo de posibilidades y el que le da nombre al libro: A\u00f1o 3721, entre muchos otros.&nbsp;<\/p>\n\n\n\n<p>Quiz\u00e1 los tiempos venideros traer\u00e1n maravillas en t\u00e9rminos de simplificaci\u00f3n, automatismo y rapidez, pero no hay que dejar de preguntarnos a d\u00f3nde nos lleva todo eso en realidad. Se idealiza ser proactivo, con frases novedosas como \u201cen tiempo y forma\u201d y el individuo se vanagloria por estar haciendo \u201calgo\u201d todo el tiempo, aunque ese algo no valga la pena; incluso varias cosas o proyectos a la vez. Se vive un presente saturado de est\u00edmulos que ni tiempo hay de asimilar.&nbsp;<\/p>\n\n\n\n<p>Damos por sentado que las innovaciones nos har\u00e1n la vida m\u00e1s pr\u00e1ctica y m\u00e1s f\u00e1cil, pero nos desconecta del mundo verdadero, de lo inmediato y lo palpable para concentrarnos en lo virtual, maquillados ahora por filtros que nos quiten las arruguitas de aqu\u00ed y las patas de gallo de ac\u00e1. Ya no queremos ser nosotros, sino una imagen perfeccionada de lo que fuimos o nunca seremos f\u00edsicamente.&nbsp;<\/p>\n\n\n\n<p>Es ese mundo de las pantallas luminosas de tal o cual dispositivo que una cantidad desorbitante de horas, ocupa nuestra vista. Temas en su mayor\u00eda relacionados a lugares comunes y contenido de tintes jocosos y poco sesudos. pero\u2026 \u00bfEs porque eso es \u201clo que le gusta\u201d a la gente? Es en este punto donde aplica el enigma ancestral de qu\u00e9 fue primero, si el huevo o la gallina. Es decir, nos gustan las simplezas \u00bfporque fue lo que nos recetaron o porque nosotros las pedimos?&nbsp;<\/p>\n\n\n\n<p>Es a trav\u00e9s de sus redes sociales y al correo areadeconfort@gmail.com que aquellos lectores interesados en la obra de Alejandro Figueroa Moreno, pueden acercarse.<\/p>\n","protected":false},"excerpt":{"rendered":"<p>Alejandro Figueroa Moreno dio a conocer el 8 de noviembre de 2024 en Quer\u00e9taro, su m\u00e1s reciente obra \u00abA\u00f1o 3721\u00bb, en la emblem\u00e1tica librer\u00eda El Alquimista, ubicada en el coraz\u00f3n &hellip; <a href=\"https:\/\/lavereda.com.mx\/index.php\/2024\/11\/10\/el-escritor-lagunero-alejandro-figueroa-presenta-su-mas-reciente-obra-en-queretaro\/\" class=\"more-link\">Leer m\u00e1s<\/a><\/p>\n","protected":false},"author":1,"featured_media":6357,"comment_status":"open","ping_status":"open","sticky":false,"template":"","format":"standard","meta":{"footnotes":""},"categories":[5,18],"tags":[32,33],"class_list":["post-6356","post","type-post","status-publish","format-standard","has-post-thumbnail","hentry","category-letras-y-libros","category-lomasrelevante","tag-literatura","tag-torreon-2","entry"],"_links":{"self":[{"href":"https:\/\/lavereda.com.mx\/index.php\/wp-json\/wp\/v2\/posts\/6356","targetHints":{"allow":["GET"]}}],"collection":[{"href":"https:\/\/lavereda.com.mx\/index.php\/wp-json\/wp\/v2\/posts"}],"about":[{"href":"https:\/\/lavereda.com.mx\/index.php\/wp-json\/wp\/v2\/types\/post"}],"author":[{"embeddable":true,"href":"https:\/\/lavereda.com.mx\/index.php\/wp-json\/wp\/v2\/users\/1"}],"replies":[{"embeddable":true,"href":"https:\/\/lavereda.com.mx\/index.php\/wp-json\/wp\/v2\/comments?post=6356"}],"version-history":[{"count":1,"href":"https:\/\/lavereda.com.mx\/index.php\/wp-json\/wp\/v2\/posts\/6356\/revisions"}],"predecessor-version":[{"id":6358,"href":"https:\/\/lavereda.com.mx\/index.php\/wp-json\/wp\/v2\/posts\/6356\/revisions\/6358"}],"wp:featuredmedia":[{"embeddable":true,"href":"https:\/\/lavereda.com.mx\/index.php\/wp-json\/wp\/v2\/media\/6357"}],"wp:attachment":[{"href":"https:\/\/lavereda.com.mx\/index.php\/wp-json\/wp\/v2\/media?parent=6356"}],"wp:term":[{"taxonomy":"category","embeddable":true,"href":"https:\/\/lavereda.com.mx\/index.php\/wp-json\/wp\/v2\/categories?post=6356"},{"taxonomy":"post_tag","embeddable":true,"href":"https:\/\/lavereda.com.mx\/index.php\/wp-json\/wp\/v2\/tags?post=6356"}],"curies":[{"name":"wp","href":"https:\/\/api.w.org\/{rel}","templated":true}]}}