{"id":6346,"date":"2024-11-07T02:33:37","date_gmt":"2024-11-07T02:33:37","guid":{"rendered":"http:\/\/lavereda.com.mx\/?p=6346"},"modified":"2024-11-10T20:42:20","modified_gmt":"2024-11-10T20:42:20","slug":"atentado-en-madrid-estreno-en-cines-7-de-noviembre","status":"publish","type":"post","link":"https:\/\/lavereda.com.mx\/index.php\/2024\/11\/07\/atentado-en-madrid-estreno-en-cines-7-de-noviembre\/","title":{"rendered":"\u00abAtentado en Madrid\u00bb se estren\u00f3 en cines este 7 de noviembre"},"content":{"rendered":"\t\t<div data-elementor-type=\"wp-post\" data-elementor-id=\"6346\" class=\"elementor elementor-6346\" data-elementor-post-type=\"post\">\n\t\t\t\t\t\t<section class=\"elementor-section elementor-top-section elementor-element elementor-element-206f321 elementor-section-boxed elementor-section-height-default elementor-section-height-default wpr-particle-no wpr-jarallax-no wpr-parallax-no wpr-sticky-section-no wpr-equal-height-no\" data-id=\"206f321\" data-element_type=\"section\" data-e-type=\"section\">\n\t\t\t\t\t\t<div class=\"elementor-container elementor-column-gap-default\">\n\t\t\t\t\t<div class=\"elementor-column elementor-col-100 elementor-top-column elementor-element elementor-element-dbfbd0a\" data-id=\"dbfbd0a\" data-element_type=\"column\" data-e-type=\"column\">\n\t\t\t<div class=\"elementor-widget-wrap elementor-element-populated\">\n\t\t\t\t\t\t<div class=\"elementor-element elementor-element-abc330b elementor-widget elementor-widget-text-editor\" data-id=\"abc330b\" data-element_type=\"widget\" data-e-type=\"widget\" data-widget_type=\"text-editor.default\">\n\t\t\t\t<div class=\"elementor-widget-container\">\n\t\t\t\t\t\t\t\t\t<ul><li><span data-ogsc=\"rgb(0, 0, 0)\">Un taxista y padre de familia es tomado como reh\u00e9n por el terrorista sobreviviente de un atentado suicida.Producida por TriPictures, Second Gen Pictures, Wanda Visi\u00f3n y Fasten Films, la pel\u00edcula llega a M\u00e9xico gracias a Zima Entertainment.\u00a0<\/span><\/li><li><span data-ogsc=\"rgb(0, 0, 0)\">Calparsoro es un reconocido realizador espa\u00f1ol especializado en el g\u00e9nero de acci\u00f3n y thriller en series para televisi\u00f3n y cine.<\/span><\/li><\/ul><p data-ogsc=\"rgb(32, 32, 32)\"><span data-ogsc=\"rgb(0, 0, 0)\">\u00a0<br \/>La acci\u00f3n y la angustia se apoderan de Espa\u00f1a en <strong><em>Atentado en Madrid<\/em><\/strong>, un emocionante <em>thriller<\/em> que demostrar\u00e1 lo aterrador de los artefactos explosivos. Dirigida por el experimentado realizador <strong>Daniel Calparsoro <\/strong>y protagonizada por el tres veces ganador del Premio Goya,<strong> Luis Tosar<\/strong>, est\u00e1 pel\u00edcula llegar\u00e1 a cines de todo M\u00e9xico bajo el sello de <strong>Zima Entertainment <\/strong>a partir del pr\u00f3ximo jueves 7 de noviembre. Ten cuidado\u2026 podr\u00edas ser el pr\u00f3ximo reh\u00e9n.\u00a0\u00a0<br \/>\u00a0<br \/>Tras un atentado, un taxista en turno llamado Santiago es tomado como reh\u00e9n por Hamza, el \u00fanico terrorista superviviente. Un giro inesperado intercambia los papeles y Santi se convierte en una bomba humana caminando por la Gran V\u00eda de Madrid con un chaleco cargado con explosivos. Los servicios de inteligencia, emergencia e incluso los medios de comunicaci\u00f3n, unir\u00e1n fuerzas para salvarle la vida en un impresionante despliegue de medios con consecuencias inesperadas.<br \/>\u00a0<br \/>Luego de <em>Salto al vac\u00edo<\/em> (1995), su primer largometraje, el espa\u00f1ol <strong>Daniel Calparsoro<\/strong> agrega un t\u00edtulo m\u00e1s a una filmograf\u00eda llena de armas, cr\u00edmenes, polic\u00edas, disparos e intr\u00e9pidos enfrentamientos que incluyen dobles de acci\u00f3n y aparatosos efectos especiales. Entre 10 series y 14 pel\u00edculas, el cineasta barcelon\u00e9s regresa a la gran pantalla con este, su \u00faltimo proyecto del 2023.\u00a0<br \/>\u00a0<br \/>Una historia llena de intriga producida por TriPictures, Second Gen Pictures, Wanda Visi\u00f3n y Fasten Films, que cuenta con las actuaciones de <strong>Luis Tosar <\/strong>(<em>Te doy mis ojos<\/em>, 2003), <strong>Inma Cuesta<\/strong> (<em>La Novia<\/em>, 2015), <strong>Nourdin Batan<\/strong> (<em>El buen patr\u00f3n<\/em>, 2021), <strong>Lucas Nabor<\/strong> (<em>Asedio<\/em>, 2023), <strong>Patricia Vico<\/strong> (<em>Centauro<\/em>, 2022) y\u00a0 <strong>Roberto Enrqiuez <\/strong>(<em>Gordos<\/em>, 2009).\u00a0<br \/>\u00a0<br \/>Mantente siempre atento y precavido, que<em> <strong>Atentado en Madrid<\/strong> <\/em>llegar\u00e1 a cines de toda la Rep\u00fablica M\u00e9xico la segunda semana de noviembre gracias a <strong>Zima Entertainment<\/strong>. 105 minutos de suspenso en los que una cuenta regresiva lo definir\u00e1 todo\u2026 \u00bfSobrevivir\u00edas?<\/span><\/p>\t\t\t\t\t\t\t\t<\/div>\n\t\t\t\t<\/div>\n\t\t\t\t\t<\/div>\n\t\t<\/div>\n\t\t\t\t\t<\/div>\n\t\t<\/section>\n\t\t\t\t<\/div>\n\t\t","protected":false},"excerpt":{"rendered":"<p>Un taxista y padre de familia es tomado como reh\u00e9n por el terrorista sobreviviente de un atentado suicida.Producida por TriPictures, Second Gen Pictures, Wanda Visi\u00f3n y Fasten Films, la pel\u00edcula &hellip; <a href=\"https:\/\/lavereda.com.mx\/index.php\/2024\/11\/07\/atentado-en-madrid-estreno-en-cines-7-de-noviembre\/\" class=\"more-link\">Leer m\u00e1s<\/a><\/p>\n","protected":false},"author":23,"featured_media":6348,"comment_status":"open","ping_status":"open","sticky":false,"template":"","format":"standard","meta":{"footnotes":""},"categories":[6],"tags":[],"class_list":["post-6346","post","type-post","status-publish","format-standard","has-post-thumbnail","hentry","category-cinetv","entry"],"_links":{"self":[{"href":"https:\/\/lavereda.com.mx\/index.php\/wp-json\/wp\/v2\/posts\/6346","targetHints":{"allow":["GET"]}}],"collection":[{"href":"https:\/\/lavereda.com.mx\/index.php\/wp-json\/wp\/v2\/posts"}],"about":[{"href":"https:\/\/lavereda.com.mx\/index.php\/wp-json\/wp\/v2\/types\/post"}],"author":[{"embeddable":true,"href":"https:\/\/lavereda.com.mx\/index.php\/wp-json\/wp\/v2\/users\/23"}],"replies":[{"embeddable":true,"href":"https:\/\/lavereda.com.mx\/index.php\/wp-json\/wp\/v2\/comments?post=6346"}],"version-history":[{"count":5,"href":"https:\/\/lavereda.com.mx\/index.php\/wp-json\/wp\/v2\/posts\/6346\/revisions"}],"predecessor-version":[{"id":6362,"href":"https:\/\/lavereda.com.mx\/index.php\/wp-json\/wp\/v2\/posts\/6346\/revisions\/6362"}],"wp:featuredmedia":[{"embeddable":true,"href":"https:\/\/lavereda.com.mx\/index.php\/wp-json\/wp\/v2\/media\/6348"}],"wp:attachment":[{"href":"https:\/\/lavereda.com.mx\/index.php\/wp-json\/wp\/v2\/media?parent=6346"}],"wp:term":[{"taxonomy":"category","embeddable":true,"href":"https:\/\/lavereda.com.mx\/index.php\/wp-json\/wp\/v2\/categories?post=6346"},{"taxonomy":"post_tag","embeddable":true,"href":"https:\/\/lavereda.com.mx\/index.php\/wp-json\/wp\/v2\/tags?post=6346"}],"curies":[{"name":"wp","href":"https:\/\/api.w.org\/{rel}","templated":true}]}}