{"id":6342,"date":"2024-11-07T01:01:49","date_gmt":"2024-11-07T01:01:49","guid":{"rendered":"http:\/\/lavereda.com.mx\/?p=6342"},"modified":"2024-11-07T01:01:50","modified_gmt":"2024-11-07T01:01:50","slug":"anuncian-la-76-muestra-internacional-de-cine-de-la-cineteca-nacional","status":"publish","type":"post","link":"https:\/\/lavereda.com.mx\/index.php\/2024\/11\/07\/anuncian-la-76-muestra-internacional-de-cine-de-la-cineteca-nacional\/","title":{"rendered":"Anuncian la 76 Muestra Internacional de Cine de la Cineteca Nacional"},"content":{"rendered":"\n<p><br><\/p>\n\n\n\n<ul class=\"wp-block-list\">\n<li><strong><em>Del 7 de noviembre al 12 de diciembre la Cineteca Nacional y m\u00e1s de 30 sedes presentan una selecci\u00f3n de cine mundial.<\/em><\/strong><\/li>\n\n\n\n<li><strong><em>La muestra re\u00fane trabajos de renombrados realizadores como Michel Franco y Pedro Almod\u00f3var, as\u00ed como la cineasta india Payal Kapadia, cuya \u00f3pera prima fue premiada en el Festival de Cannes<\/em><\/strong><\/li>\n<\/ul>\n\n\n\n<p>A partir del 7 de noviembre arranca la 76 Muestra Internacional de Cine, organizada por la Cineteca Nacional con una curadur\u00eda que refleja algunas de las principales inquietudes sociales de nuestra \u00e9poca.<\/p>\n\n\n\n<p>El director de Difusi\u00f3n y Programaci\u00f3n de la dependencia, Nelson Carro Rodr\u00edguez, explica que la selecci\u00f3n del presente a\u00f1o incluye filmes que han tenido \u201crepercusi\u00f3n internacional\u201d y reflejan preocupaciones comunes como los desplazamientos, los conflictos familiares y las exploraciones de identidad.<\/p>\n\n\n\n<p>\u201cEl cine refleja el momento actual y estas pel\u00edculas abordan conflictos que resuenan con todos\u201d, comenta Carro. Se\u00f1ala que la selecci\u00f3n incluye trabajos de Espa\u00f1a, Francia, Ir\u00e1n, India, Taiw\u00e1n y M\u00e9xico, lo cual enriquece la experiencia para las y los espectadores.<\/p>\n\n\n\n<p>Entre los filmes m\u00e1s esperados se encuentra&nbsp;<em>Memoria,<\/em>&nbsp;la m\u00e1s reciente pel\u00edcula de Michel Franco, en la que explora una historia de amor entre Sylvia y Sa\u00fal, un hombre con demencia temprana. \u201cFranco ofrece un desenlace sorprendentemente esperanzador, un contraste con su tono cr\u00edtico habitual\u201d, menciona Carro.<\/p>\n\n\n\n<p>Tambi\u00e9n,&nbsp;<em>Cerrar los ojos<\/em>, del espa\u00f1ol V\u00edctor Erice, una obra introspectiva que explora la memoria y la identidad a trav\u00e9s de la historia de un actor desaparecido. \u201cEs un homenaje al cine y a su poder para capturar el paso del tiempo y a los amigos que dejamos atr\u00e1s\u201d, comenta el entrevistado.<\/p>\n\n\n\n<p>Se presentar\u00e1&nbsp;<em>Profundo Carmes\u00ed&nbsp;<\/em>(1996), de Arturo Ripstein, una versi\u00f3n restaurada del cl\u00e1sico que cuenta la historia de un par de amantes oscuros en un M\u00e9xico de posguerra. Seg\u00fan Nelson Carro, incluye \u201csecuencias in\u00e9ditas que en su momento fueron eliminadas por cuestiones morales\u201d.<\/p>\n\n\n\n<p>Entre las nuevas voces que dar\u00e1n cita en la 76 Muestra est\u00e1 la de Payal Kapadia, con su \u00f3pera prima&nbsp;<em>La luz que imaginamos<\/em>, una historia galardonada con el Gran Premio en la Competencia de Largometraje en el Festival de Cine de Cannes, Francia. La pel\u00edcula sigue a tres enfermeras en India mientras enfrentan temas de pertenencia y resiliencia en una ciudad agitada.&nbsp;<\/p>\n\n\n\n<p>Entre las propuestas innovadoras est\u00e1&nbsp;<em>It\u2019s Not Me<\/em>, del franc\u00e9s Leos Carax, un mediometraje autobiogr\u00e1fico que entrelaza escenas de sus pel\u00edculas con cl\u00e1sicos del cine y videos caseros para crear un&nbsp;<em>collage<\/em>&nbsp;po\u00e9tico y personal. \u201cCarax siempre aporta una visi\u00f3n an\u00e1rquica y profundamente personal al cine, lo cual a\u00f1ade una dimensi\u00f3n \u00fanica a la muestra de este a\u00f1o\u201d, comenta Carro.<\/p>\n","protected":false},"excerpt":{"rendered":"<p>A partir del 7 de noviembre arranca la 76 Muestra Internacional de Cine, organizada por la Cineteca Nacional con una curadur\u00eda que refleja algunas de las principales inquietudes sociales de &hellip; <a href=\"https:\/\/lavereda.com.mx\/index.php\/2024\/11\/07\/anuncian-la-76-muestra-internacional-de-cine-de-la-cineteca-nacional\/\" class=\"more-link\">Leer m\u00e1s<\/a><\/p>\n","protected":false},"author":1,"featured_media":6343,"comment_status":"open","ping_status":"open","sticky":false,"template":"","format":"standard","meta":{"footnotes":""},"categories":[6,18],"tags":[40,98],"class_list":["post-6342","post","type-post","status-publish","format-standard","has-post-thumbnail","hentry","category-cinetv","category-lomasrelevante","tag-cine","tag-cineteca-nacional","entry"],"_links":{"self":[{"href":"https:\/\/lavereda.com.mx\/index.php\/wp-json\/wp\/v2\/posts\/6342","targetHints":{"allow":["GET"]}}],"collection":[{"href":"https:\/\/lavereda.com.mx\/index.php\/wp-json\/wp\/v2\/posts"}],"about":[{"href":"https:\/\/lavereda.com.mx\/index.php\/wp-json\/wp\/v2\/types\/post"}],"author":[{"embeddable":true,"href":"https:\/\/lavereda.com.mx\/index.php\/wp-json\/wp\/v2\/users\/1"}],"replies":[{"embeddable":true,"href":"https:\/\/lavereda.com.mx\/index.php\/wp-json\/wp\/v2\/comments?post=6342"}],"version-history":[{"count":1,"href":"https:\/\/lavereda.com.mx\/index.php\/wp-json\/wp\/v2\/posts\/6342\/revisions"}],"predecessor-version":[{"id":6344,"href":"https:\/\/lavereda.com.mx\/index.php\/wp-json\/wp\/v2\/posts\/6342\/revisions\/6344"}],"wp:featuredmedia":[{"embeddable":true,"href":"https:\/\/lavereda.com.mx\/index.php\/wp-json\/wp\/v2\/media\/6343"}],"wp:attachment":[{"href":"https:\/\/lavereda.com.mx\/index.php\/wp-json\/wp\/v2\/media?parent=6342"}],"wp:term":[{"taxonomy":"category","embeddable":true,"href":"https:\/\/lavereda.com.mx\/index.php\/wp-json\/wp\/v2\/categories?post=6342"},{"taxonomy":"post_tag","embeddable":true,"href":"https:\/\/lavereda.com.mx\/index.php\/wp-json\/wp\/v2\/tags?post=6342"}],"curies":[{"name":"wp","href":"https:\/\/api.w.org\/{rel}","templated":true}]}}