{"id":6330,"date":"2024-10-31T01:47:15","date_gmt":"2024-10-31T01:47:15","guid":{"rendered":"http:\/\/lavereda.com.mx\/?p=6330"},"modified":"2024-10-31T01:47:16","modified_gmt":"2024-10-31T01:47:16","slug":"anuncian-nuevos-nombramientos-en-el-inbal","status":"publish","type":"post","link":"https:\/\/lavereda.com.mx\/index.php\/2024\/10\/31\/anuncian-nuevos-nombramientos-en-el-inbal\/","title":{"rendered":"Anuncian nuevos nombramientos en el INBAL"},"content":{"rendered":"\n<p>El d\u00eda de hoy, la secretaria de Cultura del Gobierno de M\u00e9xico, Claudia Curiel de Icaza, en compa\u00f1\u00eda de la directora general del Instituto Nacional de Bellas Artes y Literatura (INBAL), Alejandra de la Paz N\u00e1jera, dio a conocer a las y los responsables de las Coordinaciones nacionales y Compa\u00f1\u00edas art\u00edsticas pertenecientes a la dependencia:<\/p>\n\n\n\n<ul class=\"wp-block-list\">\n<li><strong>Hayde\u00e9 Boetto B\u00e1rcena,<\/strong>\u00a0Subdirecci\u00f3n General de Bellas Artes<\/li>\n\n\n\n<li><strong>Alonso Alarc\u00f3n M\u00fagica,<\/strong> Coordinaci\u00f3n Nacional de Danza<\/li>\n\n\n\n<li><strong>Luis Mario Moncada Gil, <\/strong>Coordinaci\u00f3n Nacional de Teatro<\/li>\n\n\n\n<li><strong>Jos\u00e9 Mar\u00eda Serralde Ru\u00edz,<\/strong> Coordinaci\u00f3n Nacional de M\u00fasica y \u00d3pera<\/li>\n\n\n\n<li><strong>Nadia L\u00f3pez Garc\u00eda,<\/strong> Coordinaci\u00f3n Nacional de Literatura<\/li>\n\n\n\n<li><strong>Gerardo Cedillo Bola\u00f1os,<\/strong> Coordinaci\u00f3n Nacional de Artes Visuales (SGPAI)<\/li>\n\n\n\n<li><strong>Marcelo Lombardero,<\/strong> Direcci\u00f3n Art\u00edstica de la Compa\u00f1\u00eda Nacional de \u00d3pera y del Estudio \u00d3pera de Bellas Artes<\/li>\n\n\n\n<li><strong>Daniel Garza Usabiaga, <\/strong>Direcci\u00f3n del Museo del Palacio de Bellas Artes<\/li>\n\n\n\n<li>Ratificaci\u00f3n de <strong>Cecilia Lugo Cruz<\/strong>, Direcci\u00f3n Art\u00edstica del Centro de Producci\u00f3n de Danza Contempor\u00e1nea (CEPRODAC)<\/li>\n\n\n\n<li>Ratificaci\u00f3n de <strong>Aurora Cano, <\/strong>Direcci\u00f3n Art\u00edstica de la Compa\u00f1\u00eda Nacional de Teatro<\/li>\n<\/ul>\n\n\n\n<p>Claudia Curiel de Icaza consider\u00f3 que este equipo robustecer\u00e1 los proyectos de la Secretar\u00eda de Cultura como un n\u00facleo de programaci\u00f3n y asesor\u00eda que va a trabajar tambi\u00e9n con las escuelas de educaci\u00f3n art\u00edstica para integrar a todos los talentos de ellas en los programas especiales que hace la instituci\u00f3n, as\u00ed como las compa\u00f1\u00edas y coordinaciones art\u00edsticas.<\/p>\n\n\n\n<p>\u201cLas y los responsables de las coordinaciones y de las compa\u00f1\u00edas son interlocutores con las distintas comunidades art\u00edsticas; son los id\u00f3neos, no solo por trayectoria, sino por la vocaci\u00f3n social que tienen, por el trabajo que han hecho y por c\u00f3mo podemos articular, desde Secretar\u00eda de Cultura a nivel nacional el trabajo tambi\u00e9n comunitario\u201d, subray\u00f3.<\/p>\n","protected":false},"excerpt":{"rendered":"<p>El d\u00eda de hoy, la secretaria de Cultura del Gobierno de M\u00e9xico, Claudia Curiel de Icaza, en compa\u00f1\u00eda de la directora general del Instituto Nacional de Bellas Artes y Literatura &hellip; <a href=\"https:\/\/lavereda.com.mx\/index.php\/2024\/10\/31\/anuncian-nuevos-nombramientos-en-el-inbal\/\" class=\"more-link\">Leer m\u00e1s<\/a><\/p>\n","protected":false},"author":1,"featured_media":6331,"comment_status":"open","ping_status":"open","sticky":false,"template":"","format":"standard","meta":{"footnotes":""},"categories":[2,18],"tags":[179,32,36],"class_list":["post-6330","post","type-post","status-publish","format-standard","has-post-thumbnail","hentry","category-artes-escenicas","category-lomasrelevante","tag-inbal","tag-literatura","tag-teatro","entry"],"_links":{"self":[{"href":"https:\/\/lavereda.com.mx\/index.php\/wp-json\/wp\/v2\/posts\/6330","targetHints":{"allow":["GET"]}}],"collection":[{"href":"https:\/\/lavereda.com.mx\/index.php\/wp-json\/wp\/v2\/posts"}],"about":[{"href":"https:\/\/lavereda.com.mx\/index.php\/wp-json\/wp\/v2\/types\/post"}],"author":[{"embeddable":true,"href":"https:\/\/lavereda.com.mx\/index.php\/wp-json\/wp\/v2\/users\/1"}],"replies":[{"embeddable":true,"href":"https:\/\/lavereda.com.mx\/index.php\/wp-json\/wp\/v2\/comments?post=6330"}],"version-history":[{"count":1,"href":"https:\/\/lavereda.com.mx\/index.php\/wp-json\/wp\/v2\/posts\/6330\/revisions"}],"predecessor-version":[{"id":6332,"href":"https:\/\/lavereda.com.mx\/index.php\/wp-json\/wp\/v2\/posts\/6330\/revisions\/6332"}],"wp:featuredmedia":[{"embeddable":true,"href":"https:\/\/lavereda.com.mx\/index.php\/wp-json\/wp\/v2\/media\/6331"}],"wp:attachment":[{"href":"https:\/\/lavereda.com.mx\/index.php\/wp-json\/wp\/v2\/media?parent=6330"}],"wp:term":[{"taxonomy":"category","embeddable":true,"href":"https:\/\/lavereda.com.mx\/index.php\/wp-json\/wp\/v2\/categories?post=6330"},{"taxonomy":"post_tag","embeddable":true,"href":"https:\/\/lavereda.com.mx\/index.php\/wp-json\/wp\/v2\/tags?post=6330"}],"curies":[{"name":"wp","href":"https:\/\/api.w.org\/{rel}","templated":true}]}}