{"id":6320,"date":"2024-10-30T00:39:51","date_gmt":"2024-10-30T00:39:51","guid":{"rendered":"http:\/\/lavereda.com.mx\/?p=6320"},"modified":"2024-10-30T04:37:25","modified_gmt":"2024-10-30T04:37:25","slug":"presentaran-manana-libro-de-poesia-con-perspectiva-femenina","status":"publish","type":"post","link":"https:\/\/lavereda.com.mx\/index.php\/2024\/10\/30\/presentaran-manana-libro-de-poesia-con-perspectiva-femenina\/","title":{"rendered":"Presentar\u00e1n libro de poes\u00eda con perspectiva femenina"},"content":{"rendered":"\t\t<div data-elementor-type=\"wp-post\" data-elementor-id=\"6320\" class=\"elementor elementor-6320\" data-elementor-post-type=\"post\">\n\t\t\t\t\t\t<section class=\"elementor-section elementor-top-section elementor-element elementor-element-274dc5c elementor-section-boxed elementor-section-height-default elementor-section-height-default wpr-particle-no wpr-jarallax-no wpr-parallax-no wpr-sticky-section-no wpr-equal-height-no\" data-id=\"274dc5c\" data-element_type=\"section\" data-e-type=\"section\">\n\t\t\t\t\t\t<div class=\"elementor-container elementor-column-gap-default\">\n\t\t\t\t\t<div class=\"elementor-column elementor-col-100 elementor-top-column elementor-element elementor-element-f49842e\" data-id=\"f49842e\" data-element_type=\"column\" data-e-type=\"column\">\n\t\t\t<div class=\"elementor-widget-wrap elementor-element-populated\">\n\t\t\t\t\t\t<div class=\"elementor-element elementor-element-9d312fb elementor-widget elementor-widget-image\" data-id=\"9d312fb\" data-element_type=\"widget\" data-e-type=\"widget\" data-widget_type=\"image.default\">\n\t\t\t\t<div class=\"elementor-widget-container\">\n\t\t\t\t\t\t\t\t\t\t\t\t\t\t\t<img fetchpriority=\"high\" decoding=\"async\" width=\"606\" height=\"1024\" src=\"https:\/\/lavereda.com.mx\/wp-content\/uploads\/2024\/10\/WhatsApp-Image-2024-10-29-at-10.49.12-606x1024.jpeg\" class=\"attachment-large size-large wp-image-6322\" alt=\"\" srcset=\"https:\/\/lavereda.com.mx\/wp-content\/uploads\/2024\/10\/WhatsApp-Image-2024-10-29-at-10.49.12-606x1024.jpeg 606w, https:\/\/lavereda.com.mx\/wp-content\/uploads\/2024\/10\/WhatsApp-Image-2024-10-29-at-10.49.12-177x300.jpeg 177w, https:\/\/lavereda.com.mx\/wp-content\/uploads\/2024\/10\/WhatsApp-Image-2024-10-29-at-10.49.12-768x1299.jpeg 768w, https:\/\/lavereda.com.mx\/wp-content\/uploads\/2024\/10\/WhatsApp-Image-2024-10-29-at-10.49.12-908x1536.jpeg 908w, https:\/\/lavereda.com.mx\/wp-content\/uploads\/2024\/10\/WhatsApp-Image-2024-10-29-at-10.49.12.jpeg 1000w\" sizes=\"(max-width: 606px) 100vw, 606px\" \/>\t\t\t\t\t\t\t\t\t\t\t\t\t\t\t<\/div>\n\t\t\t\t<\/div>\n\t\t\t\t<div class=\"elementor-element elementor-element-c9188dd elementor-widget elementor-widget-text-editor\" data-id=\"c9188dd\" data-element_type=\"widget\" data-e-type=\"widget\" data-widget_type=\"text-editor.default\">\n\t\t\t\t<div class=\"elementor-widget-container\">\n\t\t\t\t\t\t\t\t\t<p class=\"s4\"><span class=\"s8\">El Municipio <\/span><span class=\"s8\">de Torre\u00f3n, a trav\u00e9s del Archivo Municipal, presentar\u00e1 el libro<\/span><span class=\"s8\">:<\/span><span class=\"s8\"> \u201c<\/span><span class=\"s8\">La musa del fuego\u201d, de la escritora Judith Escand\u00f3n Ju\u00e1rez, el d\u00eda de ma\u00f1ana. <\/span><span class=\"s8\">Los comentarios estar\u00e1n a cargo de <\/span><span class=\"s8\">Juan de Dios Rivas y Alfredo Castro.<\/span><\/p><p class=\"s4\"><span class=\"s8\">El evento se realizar\u00e1 a las 19:00 horas en el recinto municipal.<\/span><\/p><p class=\"s9\"><span class=\"s8\">Cinthia Gaspar Montero, directora de la dependencia, coment\u00f3 que esta actividad se realiza en coordinaci\u00f3n con el Centro de Investigaci\u00f3n en Ciencias Sociales (CICS) de la Universidad Aut\u00f3noma de Coahuila y la Secretar\u00eda de Cultura del Estado de Coahuila.<\/span><\/p><p class=\"s9\"><span class=\"s8\">\u201c<\/span><span class=\"s8\">La musa de fuego<\/span><span class=\"s8\">,<\/span><span class=\"s8\"> su \u00f3pera prima en el g\u00e9nero de la poes\u00eda, <\/span><span class=\"s8\">es el retrato l\u00edrico de una musa que se incendia y transfigura<\/span><span class=\"s8\">, <\/span><span class=\"s8\">pero no se consume en las llamas del verso. Sus poemas fusionan la pasi\u00f3n m\u00e1s desmedida, una mirada \u00edntima y otra sobre su entorno, construyendo un homenaje <\/span><span class=\"s8\">y<\/span><span class=\"s8\"> testimonio del amor, la creaci\u00f3n y la transformaci\u00f3n del ser humano a trav\u00e9s de la poes\u00eda<\/span><span class=\"s8\">\u201d, expres\u00f3 la directora.<\/span><\/p><p class=\"s9\"><span class=\"s8\">Judith Escand\u00f3n Ju\u00e1rez<\/span><span class=\"s8\">,<\/span><span class=\"s8\"> e<\/span><span class=\"s8\">s maestra en Ciencias Sociales para el Desarrollo Interdisciplinario por la <\/span><span class=\"s8\">Universidad Aut\u00f3noma de Coahuila (<\/span><span class=\"s8\">UAdeC<\/span><span class=\"s8\">)<\/span><span class=\"s8\">. Ha publicado poemas en la revista colombiana Komuta de Grammata Escritores<\/span><span class=\"s8\">, <\/span><span class=\"s8\">en Metr\u00f3polis Periodismo de An\u00e1lisis<\/span><span class=\"s8\">,<\/span><span class=\"s8\"> y en la revista Verde Letras<\/span><span class=\"s8\">.<\/span><\/p><p class=\"s9\"><span class=\"s8\">Adem\u00e1s de colaborar con diversos <\/span><span class=\"s8\">art\u00edculos en la Gaceta Universitaria de la UAdeC y en el peri\u00f3dico <\/span><span class=\"s8\">Entretodos<\/span><span class=\"s8\">.<\/span><\/p><p class=\"s9\"><span class=\"s8\">La musa del fuego<\/span><span class=\"s8\"> es su primer libro de poemas<\/span><span class=\"s8\">.<\/span><\/p><p class=\"s9\"><span class=\"s8\">\u201cL<\/span><span class=\"s8\">os versos contenidos en<\/span><span class=\"s8\"> \u201c<\/span><span class=\"s8\">La musa del fuego<\/span><span class=\"s8\">\u201d, <\/span><span class=\"s8\">transmiten las emociones y experiencias propias<\/span><span class=\"s8\">, <\/span><span class=\"s8\">mostr\u00e1ndome como una mujer que no solo se conforma con ser una musa, sino que se decide por ser una poetisa, mostrando el enamoramiento y pasi\u00f3n por el poeta que la inspir\u00f3. Yo en su momento fui su musa, y ese sentimiento me hizo hacer este proyecto\u201d<\/span><span class=\"s8\">, comparti\u00f3 la autora.<\/span><\/p>\t\t\t\t\t\t\t\t<\/div>\n\t\t\t\t<\/div>\n\t\t\t\t\t<\/div>\n\t\t<\/div>\n\t\t\t\t\t<\/div>\n\t\t<\/section>\n\t\t\t\t<\/div>\n\t\t","protected":false},"excerpt":{"rendered":"<p>El Municipio de Torre\u00f3n, a trav\u00e9s del Archivo Municipal, presentar\u00e1 el libro: \u201cLa musa del fuego\u201d, de la escritora Judith Escand\u00f3n Ju\u00e1rez, el d\u00eda de ma\u00f1ana. Los comentarios estar\u00e1n a &hellip; <a href=\"https:\/\/lavereda.com.mx\/index.php\/2024\/10\/30\/presentaran-manana-libro-de-poesia-con-perspectiva-femenina\/\" class=\"more-link\">Leer m\u00e1s<\/a><\/p>\n","protected":false},"author":23,"featured_media":0,"comment_status":"open","ping_status":"open","sticky":false,"template":"","format":"standard","meta":{"footnotes":""},"categories":[7,5],"tags":[],"class_list":["post-6320","post","type-post","status-publish","format-standard","hentry","category-entretenimiento","category-letras-y-libros","entry"],"_links":{"self":[{"href":"https:\/\/lavereda.com.mx\/index.php\/wp-json\/wp\/v2\/posts\/6320","targetHints":{"allow":["GET"]}}],"collection":[{"href":"https:\/\/lavereda.com.mx\/index.php\/wp-json\/wp\/v2\/posts"}],"about":[{"href":"https:\/\/lavereda.com.mx\/index.php\/wp-json\/wp\/v2\/types\/post"}],"author":[{"embeddable":true,"href":"https:\/\/lavereda.com.mx\/index.php\/wp-json\/wp\/v2\/users\/23"}],"replies":[{"embeddable":true,"href":"https:\/\/lavereda.com.mx\/index.php\/wp-json\/wp\/v2\/comments?post=6320"}],"version-history":[{"count":8,"href":"https:\/\/lavereda.com.mx\/index.php\/wp-json\/wp\/v2\/posts\/6320\/revisions"}],"predecessor-version":[{"id":6329,"href":"https:\/\/lavereda.com.mx\/index.php\/wp-json\/wp\/v2\/posts\/6320\/revisions\/6329"}],"wp:attachment":[{"href":"https:\/\/lavereda.com.mx\/index.php\/wp-json\/wp\/v2\/media?parent=6320"}],"wp:term":[{"taxonomy":"category","embeddable":true,"href":"https:\/\/lavereda.com.mx\/index.php\/wp-json\/wp\/v2\/categories?post=6320"},{"taxonomy":"post_tag","embeddable":true,"href":"https:\/\/lavereda.com.mx\/index.php\/wp-json\/wp\/v2\/tags?post=6320"}],"curies":[{"name":"wp","href":"https:\/\/api.w.org\/{rel}","templated":true}]}}