{"id":6316,"date":"2024-10-27T16:10:08","date_gmt":"2024-10-27T16:10:08","guid":{"rendered":"http:\/\/lavereda.com.mx\/?p=6316"},"modified":"2024-10-27T16:10:08","modified_gmt":"2024-10-27T16:10:08","slug":"bajo-la-sombra","status":"publish","type":"post","link":"https:\/\/lavereda.com.mx\/index.php\/2024\/10\/27\/bajo-la-sombra\/","title":{"rendered":"Bajo la sombra"},"content":{"rendered":"\n<p><strong>Under the shadow (2016)<\/strong><\/p>\n\n\n\n<p>Netflix<\/p>\n\n\n\n<p>En la d\u00e9cada de los 80, Ir\u00e1n entra en guerra con Irak. Los bombardeos entre las dos naciones son despiadados.<\/p>\n\n\n\n<p>En Ter\u00e1n, Shideh (Narges Rashidi) es dejada sola por su marido, un m\u00e9dico que debe ir a la zona de conflicto. La mujer se queda con su hija peque\u00f1a Dorsa (Avin Manshadi), pese a la advertencia de que abandone la casa, pues ocurrir\u00e1 un ataque con misiles que van a destruir el vecindario.<\/p>\n\n\n\n<p>La ni\u00f1a comienza a tener fiebre y dice ver presencias extra\u00f1as. Tal vez se trate de la leyenda de un demonio, que puede estar aterrorizando la casa, con su presencia siniestra, y provoque la enfermedad de la chica.<\/p>\n\n\n\n<p>La cinta es una atrevida protesta contra los ataques que ocurren en el Medio Oriente sobre objetivos civiles.<\/p>\n\n\n\n<p>Son obvias las met\u00e1foras de los miedos de la familia y la presencia diab\u00f3lica con el temor permanente, que se vive en esos pa\u00edses por los ataques que se cruzan inesperadamente entre ellos.<\/p>\n\n\n\n<p>Es interesante, para conocer c\u00f3mo se vive en culturas diferentes, donde las personas duermen con miedo, sin saber si despertar\u00e1n.<\/p>\n\n\n\n<p>(PG-13. Orientaci\u00f3n de los padres a menores de 13 a\u00f1os)<\/p>\n\n\n\n<p>@LucianoCamposG<\/p>\n\n\n\n<figure class=\"wp-block-embed is-type-video is-provider-youtube wp-block-embed-youtube wp-embed-aspect-16-9 wp-has-aspect-ratio\"><div class=\"wp-block-embed__wrapper\">\n<iframe title=\"Under the Shadow | Official Trailer (Cornwall Film Festival 2016)\" width=\"1170\" height=\"658\" src=\"https:\/\/www.youtube.com\/embed\/ZmzMbv_Bm4c?feature=oembed\" frameborder=\"0\" allow=\"accelerometer; autoplay; clipboard-write; encrypted-media; gyroscope; picture-in-picture; web-share\" referrerpolicy=\"strict-origin-when-cross-origin\" allowfullscreen><\/iframe>\n<\/div><\/figure>\n","protected":false},"excerpt":{"rendered":"<p>Under the shadow (2016) Netflix En la d\u00e9cada de los 80, Ir\u00e1n entra en guerra con Irak. Los bombardeos entre las dos naciones son despiadados. En Ter\u00e1n, Shideh (Narges Rashidi) &hellip; <a href=\"https:\/\/lavereda.com.mx\/index.php\/2024\/10\/27\/bajo-la-sombra\/\" class=\"more-link\">Leer m\u00e1s<\/a><\/p>\n","protected":false},"author":3,"featured_media":6317,"comment_status":"open","ping_status":"open","sticky":false,"template":"","format":"standard","meta":{"footnotes":""},"categories":[6,18],"tags":[40,56],"class_list":["post-6316","post","type-post","status-publish","format-standard","has-post-thumbnail","hentry","category-cinetv","category-lomasrelevante","tag-cine","tag-netflix","entry"],"_links":{"self":[{"href":"https:\/\/lavereda.com.mx\/index.php\/wp-json\/wp\/v2\/posts\/6316","targetHints":{"allow":["GET"]}}],"collection":[{"href":"https:\/\/lavereda.com.mx\/index.php\/wp-json\/wp\/v2\/posts"}],"about":[{"href":"https:\/\/lavereda.com.mx\/index.php\/wp-json\/wp\/v2\/types\/post"}],"author":[{"embeddable":true,"href":"https:\/\/lavereda.com.mx\/index.php\/wp-json\/wp\/v2\/users\/3"}],"replies":[{"embeddable":true,"href":"https:\/\/lavereda.com.mx\/index.php\/wp-json\/wp\/v2\/comments?post=6316"}],"version-history":[{"count":1,"href":"https:\/\/lavereda.com.mx\/index.php\/wp-json\/wp\/v2\/posts\/6316\/revisions"}],"predecessor-version":[{"id":6318,"href":"https:\/\/lavereda.com.mx\/index.php\/wp-json\/wp\/v2\/posts\/6316\/revisions\/6318"}],"wp:featuredmedia":[{"embeddable":true,"href":"https:\/\/lavereda.com.mx\/index.php\/wp-json\/wp\/v2\/media\/6317"}],"wp:attachment":[{"href":"https:\/\/lavereda.com.mx\/index.php\/wp-json\/wp\/v2\/media?parent=6316"}],"wp:term":[{"taxonomy":"category","embeddable":true,"href":"https:\/\/lavereda.com.mx\/index.php\/wp-json\/wp\/v2\/categories?post=6316"},{"taxonomy":"post_tag","embeddable":true,"href":"https:\/\/lavereda.com.mx\/index.php\/wp-json\/wp\/v2\/tags?post=6316"}],"curies":[{"name":"wp","href":"https:\/\/api.w.org\/{rel}","templated":true}]}}