{"id":6313,"date":"2024-10-23T01:56:01","date_gmt":"2024-10-23T01:56:01","guid":{"rendered":"http:\/\/lavereda.com.mx\/?p=6313"},"modified":"2024-10-23T01:56:01","modified_gmt":"2024-10-23T01:56:01","slug":"merry-macmasters-recibira-el-homenaje-nacional-de-periodismo-cultural-fernando-benitez","status":"publish","type":"post","link":"https:\/\/lavereda.com.mx\/index.php\/2024\/10\/23\/merry-macmasters-recibira-el-homenaje-nacional-de-periodismo-cultural-fernando-benitez\/","title":{"rendered":"Merry MacMasters recibir\u00e1 el Homenaje Nacional de Periodismo Cultural Fernando Ben\u00edtez"},"content":{"rendered":"\n<p><br>Por su trayectoria de m\u00e1s de cuatro d\u00e9cadas y por ser un referente en el \u00e1mbito de la comunicaci\u00f3n de la cultura y las artes, la cr\u00f3nica, el reportaje y su constante cobertura y especializaci\u00f3n en las artes pl\u00e1sticas, la reportera Merry MacMasters recibir\u00e1 este a\u00f1o el Homenaje Nacional de Periodismo Cultural Fernando Ben\u00edtez de la Feria Internacional del Libro de Guadalajara. La decisi\u00f3n fue tomada por un comit\u00e9 integrado por las cinco personalidades reconocidas anteriormente con este homenaje, en cuyas consideraciones se destac\u00f3 que \u201chay cierta constante en el periodismo cultural que lleva a algunos comunicadores a cambiar de fuente o desistir de la continuidad; el caso de Merry es totalmente opuesto a esta tendencia\u201d. El Homenaje Ben\u00edtez estar\u00e1 dedicado este a\u00f1o a la memoria de la gran periodista mexicana Cristina Pacheco (1941-2023), quien lo obtuvo en el a\u00f1o 2000.<\/p>\n\n\n\n<p>Considerada una figura clave en el periodismo cultural en M\u00e9xico, a lo largo de su carrera Merry MacMasters (Nueva York) ha trabajado en diversos medios, donde ha cubierto exposiciones, eventos art\u00edsticos y realizado entrevistas con destacados artistas nacionales e internacionales. Su labor va m\u00e1s all\u00e1 de simplemente informar; ya que se ha enfocado en acercar el arte al p\u00fablico, al lograr que temas complejos sean accesibles para audiencias m\u00e1s amplias. Su quehacer period\u00edstico tambi\u00e9n ha resaltado la importancia de las instituciones culturales y su papel en la preservaci\u00f3n y difusi\u00f3n del patrimonio art\u00edstico de M\u00e9xico. Su voz, no s\u00f3lo como periodista, sino como promotora del arte y la cultura en general, ha contribuido a generar di\u00e1logos importantes acerca de la cultura en la sociedad contempor\u00e1nea.<\/p>\n\n\n\n<p>&nbsp;&nbsp;&nbsp;&nbsp;&nbsp;&nbsp;&nbsp;&nbsp;&nbsp;&nbsp;&nbsp; Merry MacMasters es egresada de la carrera de historia del arte por la Universidad Iberoamericana, y ha formado su carrera en el periodismo cultural en M\u00e9xico por m\u00e1s de 40 a\u00f1os. Su trayectoria comenz\u00f3 en 1980 como reportera de Radio UNAM, y despu\u00e9s en el peri\u00f3dico&nbsp;<em>El Nacional<\/em>, donde trabaj\u00f3 hasta 1994, cuando se uni\u00f3 a&nbsp;<em>La Jornada<\/em>, donde hasta hoy se desempe\u00f1a como reportera cultural. Entre las coberturas m\u00e1s importantes que ha efectuado se encuentran el litigio de obras de Remedios Varo y la desaparici\u00f3n de piezas en Los Pinos, adem\u00e1s de realizar entrevistas a figuras como Leonora Carrington, Spencer Tunick, Rufino Tamayo, Philip Glass, Manuel Felgu\u00e9rez o Francisco Toledo, entre otros. Su labor period\u00edstica fue reconocida por el Senado de M\u00e9xico en 2017, as\u00ed como por la Feria Internacional de la Lectura de Yucat\u00e1n, con el Premio Nacional de Periodismo.<\/p>\n","protected":false},"excerpt":{"rendered":"<p>Por su trayectoria de m\u00e1s de cuatro d\u00e9cadas y por ser un referente en el \u00e1mbito de la comunicaci\u00f3n de la cultura y las artes, la cr\u00f3nica, el reportaje y &hellip; <a href=\"https:\/\/lavereda.com.mx\/index.php\/2024\/10\/23\/merry-macmasters-recibira-el-homenaje-nacional-de-periodismo-cultural-fernando-benitez\/\" class=\"more-link\">Leer m\u00e1s<\/a><\/p>\n","protected":false},"author":1,"featured_media":6314,"comment_status":"open","ping_status":"open","sticky":false,"template":"","format":"standard","meta":{"footnotes":""},"categories":[5,18],"tags":[178,90],"class_list":["post-6313","post","type-post","status-publish","format-standard","has-post-thumbnail","hentry","category-letras-y-libros","category-lomasrelevante","tag-feria-internacional-del-libro-de-guadalajara","tag-fil","entry"],"_links":{"self":[{"href":"https:\/\/lavereda.com.mx\/index.php\/wp-json\/wp\/v2\/posts\/6313","targetHints":{"allow":["GET"]}}],"collection":[{"href":"https:\/\/lavereda.com.mx\/index.php\/wp-json\/wp\/v2\/posts"}],"about":[{"href":"https:\/\/lavereda.com.mx\/index.php\/wp-json\/wp\/v2\/types\/post"}],"author":[{"embeddable":true,"href":"https:\/\/lavereda.com.mx\/index.php\/wp-json\/wp\/v2\/users\/1"}],"replies":[{"embeddable":true,"href":"https:\/\/lavereda.com.mx\/index.php\/wp-json\/wp\/v2\/comments?post=6313"}],"version-history":[{"count":1,"href":"https:\/\/lavereda.com.mx\/index.php\/wp-json\/wp\/v2\/posts\/6313\/revisions"}],"predecessor-version":[{"id":6315,"href":"https:\/\/lavereda.com.mx\/index.php\/wp-json\/wp\/v2\/posts\/6313\/revisions\/6315"}],"wp:featuredmedia":[{"embeddable":true,"href":"https:\/\/lavereda.com.mx\/index.php\/wp-json\/wp\/v2\/media\/6314"}],"wp:attachment":[{"href":"https:\/\/lavereda.com.mx\/index.php\/wp-json\/wp\/v2\/media?parent=6313"}],"wp:term":[{"taxonomy":"category","embeddable":true,"href":"https:\/\/lavereda.com.mx\/index.php\/wp-json\/wp\/v2\/categories?post=6313"},{"taxonomy":"post_tag","embeddable":true,"href":"https:\/\/lavereda.com.mx\/index.php\/wp-json\/wp\/v2\/tags?post=6313"}],"curies":[{"name":"wp","href":"https:\/\/api.w.org\/{rel}","templated":true}]}}