{"id":6307,"date":"2024-10-18T00:38:48","date_gmt":"2024-10-18T00:38:48","guid":{"rendered":"http:\/\/lavereda.com.mx\/?p=6307"},"modified":"2024-10-18T16:53:35","modified_gmt":"2024-10-18T16:53:35","slug":"convocan-a-participar-en-concurso-de-calaveras-literarias","status":"publish","type":"post","link":"https:\/\/lavereda.com.mx\/index.php\/2024\/10\/18\/convocan-a-participar-en-concurso-de-calaveras-literarias\/","title":{"rendered":"Convocan a participar en concurso de Calaveras Literarias"},"content":{"rendered":"\n<p>Para celebrar y conservar nuestras tradiciones del D\u00eda de Muertos, y favorecer el uso correcto del lenguaje, la Secretar\u00eda de Educaci\u00f3n en Coahuila convoca a la poblaci\u00f3n a participar en el concurso de Calaveras Literarias.<\/p>\n\n\n\n<p>Las calaveras literarias son formas po\u00e9ticas populares en rima, de naturaleza humor\u00edstica, donde se hace referencia a asuntos de inter\u00e9s general o se estiman las cualidades o defectos de personajes famosos o importantes; todo ello de manera irreverente y jocosa.<\/p>\n\n\n\n<p>El tema o persona de la pieza literaria deber\u00e1 ser un personaje p\u00fablico, de preferencia escritora o escritor mexicano, en las categor\u00edas infantil-juvenil de 6 a 18 a\u00f1os, y a partir de los 18 en adelante; esta invitaci\u00f3n queda abierta a partir de la fecha y hasta el 25 de octubre.<\/p>\n\n\n\n<p>Los interesados podr\u00e1n registrar sus obras literarias en el correo&nbsp;&nbsp;<\/p>\n\n\n\n<p><a href=\"mailto:coordinaci%C3%B3n@coahuilabibliotecas.gob.mx\" target=\"_blank\" rel=\"noreferrer noopener\">coordinaci\u00f3n@coahuilabibliotecas.gob.mx<\/a>&nbsp;y&nbsp;<a href=\"mailto:bibliotecasconcurso01@gmail.com\" target=\"_blank\" rel=\"noreferrer noopener\">bibliotecasconcurso01@gmail.com<\/a>; los resultados se publicar\u00e1n en las redes sociales de esta Coordinaci\u00f3n General de Bibliotecas, Publicaciones y Librer\u00edas, el 31 de octubre.<\/p>\n\n\n\n<p>La premiaci\u00f3n para los tres primeros lugares consistir\u00e1 en una Tablet, una donaci\u00f3n de libros para el segundo y tercer lugar.<\/p>\n\n\n\n<p>El D\u00eda de Muertos en M\u00e9xico es, parad\u00f3jicamente, uno de los d\u00edas m\u00e1s vivos de nuestro calendario c\u00edvico.&nbsp;<\/p>\n\n\n\n<p>&nbsp;Adem\u00e1s de los vistosos altares de muerto con los que se conmemora a quienes se adelantaron en el camino, hay otras m\u00faltiples formas de celebrar esta fiesta de car\u00e1cter sincr\u00e9tico; para mencionar s\u00f3lo algunas est\u00e1n, el pan de muerto y las calaveras de az\u00facar, adem\u00e1s de los ya mencionados altares.<\/p>\n","protected":false},"excerpt":{"rendered":"<p>Para celebrar y conservar nuestras tradiciones del D\u00eda de Muertos, y favorecer el uso correcto del lenguaje, la Secretar\u00eda de Educaci\u00f3n en Coahuila convoca a la poblaci\u00f3n a participar en &hellip; <a href=\"https:\/\/lavereda.com.mx\/index.php\/2024\/10\/18\/convocan-a-participar-en-concurso-de-calaveras-literarias\/\" class=\"more-link\">Leer m\u00e1s<\/a><\/p>\n","protected":false},"author":1,"featured_media":6299,"comment_status":"open","ping_status":"open","sticky":false,"template":"","format":"standard","meta":{"footnotes":""},"categories":[5],"tags":[],"class_list":["post-6307","post","type-post","status-publish","format-standard","has-post-thumbnail","hentry","category-letras-y-libros","entry"],"_links":{"self":[{"href":"https:\/\/lavereda.com.mx\/index.php\/wp-json\/wp\/v2\/posts\/6307","targetHints":{"allow":["GET"]}}],"collection":[{"href":"https:\/\/lavereda.com.mx\/index.php\/wp-json\/wp\/v2\/posts"}],"about":[{"href":"https:\/\/lavereda.com.mx\/index.php\/wp-json\/wp\/v2\/types\/post"}],"author":[{"embeddable":true,"href":"https:\/\/lavereda.com.mx\/index.php\/wp-json\/wp\/v2\/users\/1"}],"replies":[{"embeddable":true,"href":"https:\/\/lavereda.com.mx\/index.php\/wp-json\/wp\/v2\/comments?post=6307"}],"version-history":[{"count":1,"href":"https:\/\/lavereda.com.mx\/index.php\/wp-json\/wp\/v2\/posts\/6307\/revisions"}],"predecessor-version":[{"id":6308,"href":"https:\/\/lavereda.com.mx\/index.php\/wp-json\/wp\/v2\/posts\/6307\/revisions\/6308"}],"wp:featuredmedia":[{"embeddable":true,"href":"https:\/\/lavereda.com.mx\/index.php\/wp-json\/wp\/v2\/media\/6299"}],"wp:attachment":[{"href":"https:\/\/lavereda.com.mx\/index.php\/wp-json\/wp\/v2\/media?parent=6307"}],"wp:term":[{"taxonomy":"category","embeddable":true,"href":"https:\/\/lavereda.com.mx\/index.php\/wp-json\/wp\/v2\/categories?post=6307"},{"taxonomy":"post_tag","embeddable":true,"href":"https:\/\/lavereda.com.mx\/index.php\/wp-json\/wp\/v2\/tags?post=6307"}],"curies":[{"name":"wp","href":"https:\/\/api.w.org\/{rel}","templated":true}]}}