{"id":6249,"date":"2024-10-06T23:18:00","date_gmt":"2024-10-06T23:18:00","guid":{"rendered":"http:\/\/lavereda.com.mx\/?p=6249"},"modified":"2024-10-07T16:33:02","modified_gmt":"2024-10-07T16:33:02","slug":"anuncian-la-ix-muestra-estatal-de-teatro-en-coahuila","status":"publish","type":"post","link":"https:\/\/lavereda.com.mx\/index.php\/2024\/10\/06\/anuncian-la-ix-muestra-estatal-de-teatro-en-coahuila\/","title":{"rendered":"Anuncian la IX Muestra Estatal de Teatro en Coahuila"},"content":{"rendered":"\n<p>Con la puesta en escena de ocho obras, de igual cifra de Compa\u00f1\u00edas, y una m\u00e1s invitada entre el 21 y el 25 del presente tendr\u00e1 lugar la Novena Muestra Estatal de Teatro (MET), que se ofrecer\u00e1n al p\u00fablico, sin ning\u00fan costo, en cuatro escenarios de Saltillo.<\/p>\n\n\n\n<p>Esther Quintana Salinas, Secretaria de Cultura en Coahuila, junto a Salvador \u00c1lvarez de la Fuente y Jos\u00e9 Luis Rodr\u00edguez Sena, Subsecretario de Cultura y director de Desarrollo Cultural, inform\u00f3 que el p\u00fablico amante del teatro podr\u00e1 disfrutar de una amplia variedad en las ocho puestas en escena.<\/p>\n\n\n\n<p>Inform\u00f3 que Coahuila cuenta con una gran afici\u00f3n al teatro, por lo que se analiza la ampliaci\u00f3n del n\u00famero de salas en diversos puntos de la entidad para llevar este arte a la poblaci\u00f3n.<\/p>\n\n\n\n<p>Por primera vez, dijo, particip\u00f3 un Comit\u00e9 integrado por representantes de la comunidad art\u00edstica que dio seguimiento y acompa\u00f1amiento a la organizaci\u00f3n de la MET, integrado por Ana Laura Corpus y Armando Tenorio (Saltillo), Martha Ch\u00e1vez (Torre\u00f3n) y Luz Celis (Monclova).<\/p>\n\n\n\n<p>Participaron por parte del Comit\u00e9 de Selecci\u00f3n Sa\u00fal Enr\u00edquez, dramaturgo y director art\u00edstico de Nunca Merlot Teatro, Compa\u00f1\u00eda radicada en Canc\u00fan, Quintana Roo, con m\u00e1s de 15 a\u00f1os de trayectoria y More Barret, titiritera, actriz, gestora cultural a quien recientemente el ITI Unesco le entreg\u00f3 la medalla Quetzalc\u00f3atl por su trayectoria como titiritera<\/p>\n\n\n\n<p>\u201cEn esta edici\u00f3n de la MET queremos integrar no s\u00f3lo a la comunidad art\u00edstica, sino tambi\u00e9n a los espacios independientes para que sean sedes de las puestas en escena y que el p\u00fablico las conozca\u201d, apunt\u00f3.<\/p>\n\n\n\n<p>Adem\u00e1s se inform\u00f3 que con el objetivo de generar una mayor inclusi\u00f3n a montajes esc\u00e9nicos propiciados por la propia comunidad, en esta ocasi\u00f3n, adem\u00e1s de las ocho Compa\u00f1\u00edas seleccionadas, habr\u00e1 una invitada que destaque en el impacto social y cultural que tenga dentro de su regi\u00f3n<\/p>\n\n\n\n<p>Por otra parte, la Secretaria de Cultura, se\u00f1al\u00f3 que en el marco de la MET se reactivar\u00e1 el Teatro de C\u00e1mara \u201cJes\u00fas Vald\u00e9s\u201d, del Teatro de la Ciudad \u201cFernando Soler\u201d, de Saltillo, con funciones el 22 y el 23 de octubre.<\/p>\n\n\n\n<p>PROGRAMACI\u00d3N:<\/p>\n\n\n\n<p>21 de octubre<\/p>\n\n\n\n<p>COCINANDO CON ELISA, a las&nbsp;&nbsp;18:00 horas en el Teatro Garnica. Clasificaci\u00f3n: Mayores de 12 a\u00f1os. Autor: Luc\u00eda Laragione. Director: Jos\u00e9 Luis Luna. Compa\u00f1\u00eda: Carreta de Locos Grupo Teatral Independiente, R\u00edo Luminoso Municipio: Monclova, Coahuila<\/p>\n\n\n\n<p>MATANGA DIJO LA CHANGA, a las 20:00 horas, en Casa La Besana. Autor: Jos\u00e9 Luis Zamora Vald\u00e9s. Director: Jos\u00e9 Luis Zamora Vald\u00e9s. Compa\u00f1\u00eda: Compa\u00f1\u00eda Finisterre. Municipio: Saltillo. Clasificaci\u00f3n: Mayores de 15 a\u00f1os.<\/p>\n\n\n\n<p>22 de octubre<\/p>\n\n\n\n<p>QU\u00c9MESE DESPU\u00c9S DE ESCUCHARSE, a las 18:00 horas, en el&nbsp;&nbsp;Teatro Fernando Soler. Autor: Al\u00e1n Carre\u00f3n Alvarado (Adair No\u00e9s). Director: Nadia Carre\u00f3n Alvarado.&nbsp;&nbsp;Compa\u00f1\u00eda: Los In\u00fatiles Municipio: Saltillo, Coahuila Mayores de 12 a\u00f1os<\/p>\n\n\n\n<p>JU\u00c1REZ-JERUSALEM a las&nbsp;&nbsp;20:00 horas, en el Teatro de C\u00e1mara Jes\u00fas Valdez Autor: Antonio Z\u00fa\u00f1iga Director: Hugo Alberto Dena Compa\u00f1\u00eda: Desierto Teatro Municipio: Torre\u00f3n, Coahuila. Clasificaci\u00f3n: Mayores de 12 a\u00f1os<\/p>\n\n\n\n<p>23 de octubre<\/p>\n\n\n\n<p>LA \u00daLTIMA BALA, a las 18:00 horas en el Teatro Fernando Soler. Autor: Antonio y Javier Malpica, Director: Armando Estrada. Compa\u00f1\u00eda: Serendipia Colectivo. Municipio: Torre\u00f3n, Coahuila. Clasificaci\u00f3n: Mayores de 10 a\u00f1os.<\/p>\n\n\n\n<p>RADIOGRAMA DE UN HILO ROJO, a las 20:00 horas en el Teatro de C\u00e1mara Jes\u00fas Valdez. Autor: Salvador Olvera. Director: Omar Carrum. Grupo o Compa\u00f1\u00eda: Magnetar. Movimiento\/Danza\/Teatro Municipio: Torre\u00f3n Mayores de 12 a\u00f1os<\/p>\n\n\n\n<p>24 DE OCTUBRE<\/p>\n\n\n\n<p>KENOPSIA CAPITULO 1: HOTEL LA TORRE, a las 18:00 horas en el Museo de la Revoluci\u00f3n. Mayores de 12 a\u00f1os. Autor: Andrea Galindo, Alexis Flores, Nadia Carre\u00f3n y Claudia Dithe. Director: Andrea Galindo, Alexis Flores, Nadia Carre\u00f3n y Claudia Dithe. Compa\u00f1\u00eda: Camale\u00f3n compa\u00f1\u00eda de teatro y Necravant glitching arts consortium. Municipio: Saltillo, Coahuila.<\/p>\n\n\n\n<p>LOS ULTIMOS CINCO A\u00d1OS, a las 20:00 horas, en Casa La Besana. Autor: Jason Robert-Brown. Director: Rodrigo Gonz\u00e1lez S\u00e1nchez. Compa\u00f1\u00eda: Cuarta Pared Teatro. Municipio: Saltillo, Coahuila<\/p>\n\n\n\n<p>Mayores de 12 a\u00f1os<\/p>\n\n\n\n<p>25 DE OCTUBRE<\/p>\n\n\n\n<p>Compa\u00f1\u00eda Invitada<\/p>\n\n\n\n<p>LOS GIRASOLES TAMBI\u00c9N MIRAN LAS ESTRELLAS, a las 18:00 horas, en el Teatro Fernando Soler. Autor Eva De la Cruz. Director Eva De la Cruz. Compa\u00f1\u00eda Semillero Creativo de Teatro en Monclova, Coahuila. Duraci\u00f3n 50 minutos. Mayores de 12 a\u00f1os<\/p>\n\n\n\n<p>TALLER FRONTERAS NARRATIVAS Imparte: Maestro Isael Almanza, del 21 al 24 de&nbsp;&nbsp;octubre de las 10:30 am a 1:30 pm Casa de la Cultura de Saltillo M\u00e1ximo 20 participantes.<\/p>\n","protected":false},"excerpt":{"rendered":"<p>Con la puesta en escena de ocho obras, de igual cifra de Compa\u00f1\u00edas, y una m\u00e1s invitada entre el 21 y el 25 del presente tendr\u00e1 lugar la Novena Muestra &hellip; <a href=\"https:\/\/lavereda.com.mx\/index.php\/2024\/10\/06\/anuncian-la-ix-muestra-estatal-de-teatro-en-coahuila\/\" class=\"more-link\">Leer m\u00e1s<\/a><\/p>\n","protected":false},"author":1,"featured_media":6131,"comment_status":"open","ping_status":"open","sticky":false,"template":"","format":"standard","meta":{"footnotes":""},"categories":[2,5],"tags":[],"class_list":["post-6249","post","type-post","status-publish","format-standard","has-post-thumbnail","hentry","category-artes-escenicas","category-letras-y-libros","entry"],"_links":{"self":[{"href":"https:\/\/lavereda.com.mx\/index.php\/wp-json\/wp\/v2\/posts\/6249","targetHints":{"allow":["GET"]}}],"collection":[{"href":"https:\/\/lavereda.com.mx\/index.php\/wp-json\/wp\/v2\/posts"}],"about":[{"href":"https:\/\/lavereda.com.mx\/index.php\/wp-json\/wp\/v2\/types\/post"}],"author":[{"embeddable":true,"href":"https:\/\/lavereda.com.mx\/index.php\/wp-json\/wp\/v2\/users\/1"}],"replies":[{"embeddable":true,"href":"https:\/\/lavereda.com.mx\/index.php\/wp-json\/wp\/v2\/comments?post=6249"}],"version-history":[{"count":2,"href":"https:\/\/lavereda.com.mx\/index.php\/wp-json\/wp\/v2\/posts\/6249\/revisions"}],"predecessor-version":[{"id":6251,"href":"https:\/\/lavereda.com.mx\/index.php\/wp-json\/wp\/v2\/posts\/6249\/revisions\/6251"}],"wp:featuredmedia":[{"embeddable":true,"href":"https:\/\/lavereda.com.mx\/index.php\/wp-json\/wp\/v2\/media\/6131"}],"wp:attachment":[{"href":"https:\/\/lavereda.com.mx\/index.php\/wp-json\/wp\/v2\/media?parent=6249"}],"wp:term":[{"taxonomy":"category","embeddable":true,"href":"https:\/\/lavereda.com.mx\/index.php\/wp-json\/wp\/v2\/categories?post=6249"},{"taxonomy":"post_tag","embeddable":true,"href":"https:\/\/lavereda.com.mx\/index.php\/wp-json\/wp\/v2\/tags?post=6249"}],"curies":[{"name":"wp","href":"https:\/\/api.w.org\/{rel}","templated":true}]}}