{"id":6243,"date":"2024-10-04T01:13:56","date_gmt":"2024-10-04T01:13:56","guid":{"rendered":"http:\/\/lavereda.com.mx\/?p=6243"},"modified":"2024-10-04T01:13:56","modified_gmt":"2024-10-04T01:13:56","slug":"camerata-presenta-la-suite-el-pajaro-de-fuego-de-stravinsky","status":"publish","type":"post","link":"https:\/\/lavereda.com.mx\/index.php\/2024\/10\/04\/camerata-presenta-la-suite-el-pajaro-de-fuego-de-stravinsky\/","title":{"rendered":"Camerata presenta la Suite \u201cEl p\u00e1jaro de fuego\u201d de Stravinsky"},"content":{"rendered":"\n<p>Este viernes 04 de octubre Camerata de Coahuila presenta su cuarto concierto de la Temporada Oto\u00f1o Invierno, bajo la batuta del maestro Ram\u00f3n Shade, en el Teatro Isauro Mart\u00ednez.<\/p>\n\n\n\n<p>El programa contar\u00e1 con obras de C\u00e9sar Frank, un Concierto para percusi\u00f3n y peque\u00f1a orquesta de Milhaud y la Suite \u201cEl p\u00e1jaro de fuego\u201d de Stravinsky, entre otras.<\/p>\n\n\n\n<p>Se contar\u00e1 con la participaci\u00f3n del maestro Alan Montoya, percusionista de la orquesta.<\/p>\n\n\n\n<p>El p\u00e1jaro de fuego se estren\u00f3 en el Teatro de la \u00d3pera de Par\u00eds, en junio de 1910. El p\u00fablico y la cr\u00edtica se quedaron admirados con el gran colorido de esta pieza.<\/p>\n\n\n\n<p>Basado en el antiguo folklor ruso, relata la ca\u00edda de una poderosa figura maligna parecida a un ogro, Kastchei el Sin Muerte. Kastchei tiene el h\u00e1bito de tomar como cautivas a j\u00f3venes y hermosas princesas mientras convierte en piedra a los caballeros que llegan a rescatarlas. El Pr\u00edncipe Heredero Iv\u00e1n, el protagonista, pide ayuda a el P\u00e1jaro de Fuego (llamado as\u00ed por sus hermosas plumas, que brillan como llamas) para destruir a Kastchei y liberar a sus v\u00edctimas.<\/p>\n\n\n\n<p>La partitura mezcla la magia orquestal de Stravinsky con la vitalidad de la m\u00fasica folkl\u00f3rica rusa, para crear una atm\u00f3sfera deslumbrante y evocadora.<\/p>\n\n\n\n<p>La cita es a las 20:30 horas.<\/p>\n","protected":false},"excerpt":{"rendered":"<p>Este viernes 04 de octubre Camerata de Coahuila presenta su cuarto concierto de la Temporada Oto\u00f1o Invierno, bajo la batuta del maestro Ram\u00f3n Shade, en el Teatro Isauro Mart\u00ednez. El &hellip; <a href=\"https:\/\/lavereda.com.mx\/index.php\/2024\/10\/04\/camerata-presenta-la-suite-el-pajaro-de-fuego-de-stravinsky\/\" class=\"more-link\">Leer m\u00e1s<\/a><\/p>\n","protected":false},"author":9,"featured_media":6244,"comment_status":"open","ping_status":"open","sticky":false,"template":"","format":"standard","meta":{"footnotes":""},"categories":[18,4],"tags":[100,173,101],"class_list":["post-6243","post","type-post","status-publish","format-standard","has-post-thumbnail","hentry","category-lomasrelevante","category-musica","tag-camerata","tag-stravinsky","tag-teatro-isauro-martinez","entry"],"_links":{"self":[{"href":"https:\/\/lavereda.com.mx\/index.php\/wp-json\/wp\/v2\/posts\/6243","targetHints":{"allow":["GET"]}}],"collection":[{"href":"https:\/\/lavereda.com.mx\/index.php\/wp-json\/wp\/v2\/posts"}],"about":[{"href":"https:\/\/lavereda.com.mx\/index.php\/wp-json\/wp\/v2\/types\/post"}],"author":[{"embeddable":true,"href":"https:\/\/lavereda.com.mx\/index.php\/wp-json\/wp\/v2\/users\/9"}],"replies":[{"embeddable":true,"href":"https:\/\/lavereda.com.mx\/index.php\/wp-json\/wp\/v2\/comments?post=6243"}],"version-history":[{"count":1,"href":"https:\/\/lavereda.com.mx\/index.php\/wp-json\/wp\/v2\/posts\/6243\/revisions"}],"predecessor-version":[{"id":6245,"href":"https:\/\/lavereda.com.mx\/index.php\/wp-json\/wp\/v2\/posts\/6243\/revisions\/6245"}],"wp:featuredmedia":[{"embeddable":true,"href":"https:\/\/lavereda.com.mx\/index.php\/wp-json\/wp\/v2\/media\/6244"}],"wp:attachment":[{"href":"https:\/\/lavereda.com.mx\/index.php\/wp-json\/wp\/v2\/media?parent=6243"}],"wp:term":[{"taxonomy":"category","embeddable":true,"href":"https:\/\/lavereda.com.mx\/index.php\/wp-json\/wp\/v2\/categories?post=6243"},{"taxonomy":"post_tag","embeddable":true,"href":"https:\/\/lavereda.com.mx\/index.php\/wp-json\/wp\/v2\/tags?post=6243"}],"curies":[{"name":"wp","href":"https:\/\/api.w.org\/{rel}","templated":true}]}}