{"id":6240,"date":"2024-09-28T18:42:51","date_gmt":"2024-09-28T18:42:51","guid":{"rendered":"http:\/\/lavereda.com.mx\/?p=6240"},"modified":"2024-09-28T18:42:52","modified_gmt":"2024-09-28T18:42:52","slug":"los-feos","status":"publish","type":"post","link":"https:\/\/lavereda.com.mx\/index.php\/2024\/09\/28\/los-feos\/","title":{"rendered":"Los Feos"},"content":{"rendered":"\n<p><strong>Uglies (2024)<\/strong><\/p>\n\n\n\n<p>Netflix<\/p>\n\n\n\n<p>Aqu\u00ed hay una cinta que parece ordinaria, pero contiene un interesante punto social.<\/p>\n\n\n\n<p>En un futuro dist\u00f3pico, Tally (Joey King) es una chica que anhela llegar a los 16 a\u00f1os pues es la edad en la que, en ese universo, las personas son convertidas en seres bellos y pasan a formar parte de un mundo encapsulado, en el que no hay problemas y todo es supuestamente alegr\u00eda.<\/p>\n\n\n\n<p>Sin embargo, la chica descubre que las intenciones de quienes gobiernan ah\u00ed no son dar alegr\u00edas, si no mantener un estado totalitario de control absoluto.<\/p>\n\n\n\n<p>La cinta de McG es superficial y de consumo juvenil, y tiene algunas situaciones presentadas con ingenuidad, aunque se agradece su inter\u00e9s por hurgar en tem\u00e1ticas que deber\u00edan estar en la agenda de los j\u00f3venes.<\/p>\n\n\n\n<p>Trae acci\u00f3n y est\u00e1 plagada de efectos digitales, pero lo interesante es ver c\u00f3mo reaccionan estos muchachos, que quieren ser libres y vivir en un mundo natural y no en una virtualidad artificial.<\/p>\n\n\n\n<p>Trae secuela<\/p>\n\n\n\n<p>(PG. Orientaci\u00f3n de los padres)<\/p>\n\n\n\n<p>@LucianoCamposG<\/p>\n\n\n\n<figure class=\"wp-block-embed is-type-video is-provider-youtube wp-block-embed-youtube wp-embed-aspect-16-9 wp-has-aspect-ratio\"><div class=\"wp-block-embed__wrapper\">\n<iframe title=\"Los feos (SUBTITULADO) | Tr\u00e1iler oficial | Netflix\" width=\"1170\" height=\"658\" src=\"https:\/\/www.youtube.com\/embed\/gqMZTsyp0AY?feature=oembed\" frameborder=\"0\" allow=\"accelerometer; autoplay; clipboard-write; encrypted-media; gyroscope; picture-in-picture; web-share\" referrerpolicy=\"strict-origin-when-cross-origin\" allowfullscreen><\/iframe>\n<\/div><\/figure>\n","protected":false},"excerpt":{"rendered":"<p>Uglies (2024) Netflix Aqu\u00ed hay una cinta que parece ordinaria, pero contiene un interesante punto social. En un futuro dist\u00f3pico, Tally (Joey King) es una chica que anhela llegar a &hellip; <a href=\"https:\/\/lavereda.com.mx\/index.php\/2024\/09\/28\/los-feos\/\" class=\"more-link\">Leer m\u00e1s<\/a><\/p>\n","protected":false},"author":3,"featured_media":6241,"comment_status":"open","ping_status":"open","sticky":false,"template":"","format":"standard","meta":{"footnotes":""},"categories":[6,7,18],"tags":[56],"class_list":["post-6240","post","type-post","status-publish","format-standard","has-post-thumbnail","hentry","category-cinetv","category-entretenimiento","category-lomasrelevante","tag-netflix","entry"],"_links":{"self":[{"href":"https:\/\/lavereda.com.mx\/index.php\/wp-json\/wp\/v2\/posts\/6240","targetHints":{"allow":["GET"]}}],"collection":[{"href":"https:\/\/lavereda.com.mx\/index.php\/wp-json\/wp\/v2\/posts"}],"about":[{"href":"https:\/\/lavereda.com.mx\/index.php\/wp-json\/wp\/v2\/types\/post"}],"author":[{"embeddable":true,"href":"https:\/\/lavereda.com.mx\/index.php\/wp-json\/wp\/v2\/users\/3"}],"replies":[{"embeddable":true,"href":"https:\/\/lavereda.com.mx\/index.php\/wp-json\/wp\/v2\/comments?post=6240"}],"version-history":[{"count":1,"href":"https:\/\/lavereda.com.mx\/index.php\/wp-json\/wp\/v2\/posts\/6240\/revisions"}],"predecessor-version":[{"id":6242,"href":"https:\/\/lavereda.com.mx\/index.php\/wp-json\/wp\/v2\/posts\/6240\/revisions\/6242"}],"wp:featuredmedia":[{"embeddable":true,"href":"https:\/\/lavereda.com.mx\/index.php\/wp-json\/wp\/v2\/media\/6241"}],"wp:attachment":[{"href":"https:\/\/lavereda.com.mx\/index.php\/wp-json\/wp\/v2\/media?parent=6240"}],"wp:term":[{"taxonomy":"category","embeddable":true,"href":"https:\/\/lavereda.com.mx\/index.php\/wp-json\/wp\/v2\/categories?post=6240"},{"taxonomy":"post_tag","embeddable":true,"href":"https:\/\/lavereda.com.mx\/index.php\/wp-json\/wp\/v2\/tags?post=6240"}],"curies":[{"name":"wp","href":"https:\/\/api.w.org\/{rel}","templated":true}]}}