{"id":624,"date":"2020-09-19T00:56:53","date_gmt":"2020-09-19T00:56:53","guid":{"rendered":"http:\/\/lavereda.com.mx\/?p=624"},"modified":"2020-09-19T00:56:55","modified_gmt":"2020-09-19T00:56:55","slug":"juana-penate-montejo-ganadora-del-premio-de-literaturas-indigenas","status":"publish","type":"post","link":"https:\/\/lavereda.com.mx\/index.php\/2020\/09\/19\/juana-penate-montejo-ganadora-del-premio-de-literaturas-indigenas\/","title":{"rendered":"Juana Pe\u00f1ate Montejo, ganadora del Premio de Literaturas Ind\u00edgenas"},"content":{"rendered":"\n<ul class=\"wp-block-list\"><li><em>El premio se entregar\u00e1 el 4 de diciembre a las 11 horas, en la Feria Internacional del Libro de Guadalajara<\/em><\/li><\/ul>\n\n\n\n<p>La poeta ch\u2019ol, Juana Pe\u00f1ate Montejo es la ganadora de la octava edici\u00f3n del Premio de Literaturas Ind\u00edgenas de Am\u00e9rica (PLIA), inform\u00f3 el Comit\u00e9 Organizador, del cual es integrante la Secretar\u00eda de Cultura del Gobierno de M\u00e9xico, a trav\u00e9s del Instituto Nacional de Lenguas Ind\u00edgenas (INALI).<\/p>\n\n\n\n<p>La poeta Pe\u00f1ate Montejo, originaria de Tumbal\u00e1, Chiapas, gan\u00f3 con el poemario Iso\u00f1il ja\u2019al (Danza de la lluvia), que fue calificado como \u201cun poemario que exalta el dolorido sentir que deja la muerte, sus rituales, la muerte que se clava como un rayo y que nos parte en dos\u201d, por los integrantes del jurado: Susana Bautista Cruz, escritora mazahua, y Alejandro Aguilar Zeleny, antrop\u00f3logo e investigador del Centro INAH en Sonora.<\/p>\n\n\n\n<p>Para este galard\u00f3n internacional, que tiene el objetivo de enriquecer, desarrollar, conservar y difundir el legado y la riqueza cultural de los pueblos y comunidades del Continente Americano a trav\u00e9s del arte, se presentaron 60 propuestas de nueve pa\u00edses.<\/p>\n\n\n\n<p>En la conferencia de prensa virtual, el director general del INALI, Juan Gregorio Regino, y en el marco de la campa\u00f1a Contigo en la Distancia, felicit\u00f3 a la ganadora del PLIA, y dijo que para la Secretar\u00eda de Cultura del Gobierno de M\u00e9xico y para el INALI, las lenguas ind\u00edgenas nacionales son fundamentales en el proceso de reconocimiento, valoraci\u00f3n y respeto de la diversidad cultural y ling\u00fc\u00edstica que tenemos en el pa\u00eds.<\/p>\n\n\n\n<p>Agreg\u00f3 que estos esfuerzos tambi\u00e9n deben tener el objetivo de que ninguna lengua y ning\u00fan hablante se queden atr\u00e1s, de acuerdo a las directrices que nos ha marcado la secretaria de Cultura, Alejandra Frausto, en esta etapa de transformaci\u00f3n que vive el pa\u00eds.&nbsp;<\/p>\n\n\n\n<p>Indic\u00f3 que el PLIA es un premio que poco a poco se va consolidando en el escenario literario no s\u00f3lo nacional, sino internacional, y dijo que el poemario ganador es una muestra de que la perspectiva comunitaria es de suma importancia, \u201cnos acercamos a un intercambio intercultural donde lo local alterna con lo global\u201d.&nbsp;<\/p>\n\n\n\n<p>Por su parte, la poeta ganadora, a trav\u00e9s de un enlace virtual, agradeci\u00f3 su designaci\u00f3n a las instituciones convocantes y al jurado y dijo que este galard\u00f3n es una revalorizaci\u00f3n de la cultura ch\u2019ol.<\/p>\n\n\n\n<p>Agreg\u00f3 que este premio est\u00e1 dedicado a todas las mujeres ind\u00edgenas y a los pueblos originarios que durante mucho tiempo han sufrido discriminaci\u00f3n, exclusi\u00f3n y racismo, y sostuvo que el hecho de ser la segunda mujer en conseguir este reconocimiento, es una muestra de que el g\u00e9nero femenino \u201cpodemos aportar mucho a las artes, a la escritura, a la danza, s\u00f3lo necesitamos un espacio para darlas a conocer\u201d.<\/p>\n\n\n\n<p>Por su parte, el presidente del PLIA, Gabriel Pacheco Salvador, afirm\u00f3 que este premio contribuye a la conservaci\u00f3n y difusi\u00f3n de las lenguas ind\u00edgenas nacionales. Tambi\u00e9n anunci\u00f3 que el PLIA se entregar\u00e1 el 4 de diciembre a las 11 horas, en la Feria Internacional del Libro de Guadalajara.<\/p>\n","protected":false},"excerpt":{"rendered":"<p>El premio se entregar\u00e1 el 4 de diciembre a las 11 horas, en la Feria Internacional del Libro de Guadalajara La poeta ch\u2019ol, Juana Pe\u00f1ate Montejo es la ganadora de &hellip; <a href=\"https:\/\/lavereda.com.mx\/index.php\/2020\/09\/19\/juana-penate-montejo-ganadora-del-premio-de-literaturas-indigenas\/\" class=\"more-link\">Leer m\u00e1s<\/a><\/p>\n","protected":false},"author":1,"featured_media":625,"comment_status":"open","ping_status":"open","sticky":false,"template":"","format":"standard","meta":{"footnotes":""},"categories":[5,18],"tags":[],"class_list":["post-624","post","type-post","status-publish","format-standard","has-post-thumbnail","hentry","category-letras-y-libros","category-lomasrelevante","entry"],"_links":{"self":[{"href":"https:\/\/lavereda.com.mx\/index.php\/wp-json\/wp\/v2\/posts\/624","targetHints":{"allow":["GET"]}}],"collection":[{"href":"https:\/\/lavereda.com.mx\/index.php\/wp-json\/wp\/v2\/posts"}],"about":[{"href":"https:\/\/lavereda.com.mx\/index.php\/wp-json\/wp\/v2\/types\/post"}],"author":[{"embeddable":true,"href":"https:\/\/lavereda.com.mx\/index.php\/wp-json\/wp\/v2\/users\/1"}],"replies":[{"embeddable":true,"href":"https:\/\/lavereda.com.mx\/index.php\/wp-json\/wp\/v2\/comments?post=624"}],"version-history":[{"count":1,"href":"https:\/\/lavereda.com.mx\/index.php\/wp-json\/wp\/v2\/posts\/624\/revisions"}],"predecessor-version":[{"id":626,"href":"https:\/\/lavereda.com.mx\/index.php\/wp-json\/wp\/v2\/posts\/624\/revisions\/626"}],"wp:featuredmedia":[{"embeddable":true,"href":"https:\/\/lavereda.com.mx\/index.php\/wp-json\/wp\/v2\/media\/625"}],"wp:attachment":[{"href":"https:\/\/lavereda.com.mx\/index.php\/wp-json\/wp\/v2\/media?parent=624"}],"wp:term":[{"taxonomy":"category","embeddable":true,"href":"https:\/\/lavereda.com.mx\/index.php\/wp-json\/wp\/v2\/categories?post=624"},{"taxonomy":"post_tag","embeddable":true,"href":"https:\/\/lavereda.com.mx\/index.php\/wp-json\/wp\/v2\/tags?post=624"}],"curies":[{"name":"wp","href":"https:\/\/api.w.org\/{rel}","templated":true}]}}