{"id":6237,"date":"2024-09-27T19:52:08","date_gmt":"2024-09-27T19:52:08","guid":{"rendered":"http:\/\/lavereda.com.mx\/?p=6237"},"modified":"2024-09-27T19:52:09","modified_gmt":"2024-09-27T19:52:09","slug":"mezquite-presenta-ingravidas-palabras-en-torreon","status":"publish","type":"post","link":"https:\/\/lavereda.com.mx\/index.php\/2024\/09\/27\/mezquite-presenta-ingravidas-palabras-en-torreon\/","title":{"rendered":"Mezquite presenta \u00abIngr\u00e1vidas palabras\u00bb en Torre\u00f3n"},"content":{"rendered":"\n<p>Ingr\u00e1vidas palabras es el nombre del proyecto coreogr\u00e1fico de Sara Ovalle -directora art\u00edstica adjunta de la Compa\u00f1\u00eda Mezquite danza contempor\u00e1nea-, apoyado por el Programa de Producci\u00f3n Esc\u00e9nica que convocan el Centro Cultural Hel\u00e9nico y la Secretar\u00eda de Cultura estatal. <\/p>\n\n\n\n<p>\u201cTodo proceso de creaci\u00f3n entra\u00f1a la memoria y la intuici\u00f3n, el coreogr\u00e1fico, se nutre de ello y, en la praxis, recuenta emociones, sensaciones, movimientos, sonidos e incluso olores\u201d comenta la Mtra. Ovalle.<\/p>\n\n\n\n<p>Este proyecto se present\u00f3 en gira organizada por Secretar\u00eda de Cultura de Coahuila en Parras, Saltillo y Ramos Arizpe, 20, 21 y 22 de septiembre, respectivamente. Este domingo 29 se presenta en Torre\u00f3n, en el Teatro Garibay  a las 18:00 horas.<\/p>\n\n\n\n<p>Justifica Sara Ovalle su coreograf\u00eda <strong>Ingr\u00e1vidas palabras<\/strong>: \u201cCuando era ni\u00f1a viv\u00ed encantada con las historias de las mujeres que me precedieron: historias reales cuyas narraciones se entretejieron con toques fant\u00e1sticos y licencias po\u00e9ticas a trav\u00e9s de los a\u00f1os. Al darles vida esc\u00e9nica a estas valientes abuelas que cortaron la l\u00ednea de tiempo, me doy cuenta de que son historias convertidas en nubes y en cuentos antes de dormir\u201d.<\/p>\n\n\n\n<p>La entrada es libre.<\/p>\n","protected":false},"excerpt":{"rendered":"<p>Ingr\u00e1vidas palabras es el nombre del proyecto coreogr\u00e1fico de Sara Ovalle -directora art\u00edstica adjunta de la Compa\u00f1\u00eda Mezquite danza contempor\u00e1nea-, apoyado por el Programa de Producci\u00f3n Esc\u00e9nica que convocan el &hellip; <a href=\"https:\/\/lavereda.com.mx\/index.php\/2024\/09\/27\/mezquite-presenta-ingravidas-palabras-en-torreon\/\" class=\"more-link\">Leer m\u00e1s<\/a><\/p>\n","protected":false},"author":1,"featured_media":6238,"comment_status":"open","ping_status":"open","sticky":false,"template":"","format":"standard","meta":{"footnotes":""},"categories":[2,18],"tags":[],"class_list":["post-6237","post","type-post","status-publish","format-standard","has-post-thumbnail","hentry","category-artes-escenicas","category-lomasrelevante","entry"],"_links":{"self":[{"href":"https:\/\/lavereda.com.mx\/index.php\/wp-json\/wp\/v2\/posts\/6237","targetHints":{"allow":["GET"]}}],"collection":[{"href":"https:\/\/lavereda.com.mx\/index.php\/wp-json\/wp\/v2\/posts"}],"about":[{"href":"https:\/\/lavereda.com.mx\/index.php\/wp-json\/wp\/v2\/types\/post"}],"author":[{"embeddable":true,"href":"https:\/\/lavereda.com.mx\/index.php\/wp-json\/wp\/v2\/users\/1"}],"replies":[{"embeddable":true,"href":"https:\/\/lavereda.com.mx\/index.php\/wp-json\/wp\/v2\/comments?post=6237"}],"version-history":[{"count":1,"href":"https:\/\/lavereda.com.mx\/index.php\/wp-json\/wp\/v2\/posts\/6237\/revisions"}],"predecessor-version":[{"id":6239,"href":"https:\/\/lavereda.com.mx\/index.php\/wp-json\/wp\/v2\/posts\/6237\/revisions\/6239"}],"wp:featuredmedia":[{"embeddable":true,"href":"https:\/\/lavereda.com.mx\/index.php\/wp-json\/wp\/v2\/media\/6238"}],"wp:attachment":[{"href":"https:\/\/lavereda.com.mx\/index.php\/wp-json\/wp\/v2\/media?parent=6237"}],"wp:term":[{"taxonomy":"category","embeddable":true,"href":"https:\/\/lavereda.com.mx\/index.php\/wp-json\/wp\/v2\/categories?post=6237"},{"taxonomy":"post_tag","embeddable":true,"href":"https:\/\/lavereda.com.mx\/index.php\/wp-json\/wp\/v2\/tags?post=6237"}],"curies":[{"name":"wp","href":"https:\/\/api.w.org\/{rel}","templated":true}]}}