{"id":6232,"date":"2024-09-24T23:37:27","date_gmt":"2024-09-24T23:37:27","guid":{"rendered":"http:\/\/lavereda.com.mx\/?p=6232"},"modified":"2024-09-25T22:36:15","modified_gmt":"2024-09-25T22:36:15","slug":"llega-a-torreon-el-tejido-de-los-suenos","status":"publish","type":"post","link":"https:\/\/lavereda.com.mx\/index.php\/2024\/09\/24\/llega-a-torreon-el-tejido-de-los-suenos\/","title":{"rendered":"Llega a Torre\u00f3n \u00abEl tejido de los sue\u00f1os\u00bb"},"content":{"rendered":"\n<p>Tras una exitosa temporada en Ciudad de M\u00e9xico, la puesta en escena multidisciplinaria \u00abEl tejido de los sue\u00f1os\u00bb llega a Torre\u00f3n el viernes 27, s\u00e1bado 28 y domingo 29 de septiembre en el Teatro Nazas. Inspirada en el fascinante universo de la pintora Remedios Varo, esta obra \u00fanica combina arte circense, danza, poes\u00eda, m\u00fasica y multimedia para dar vida a los personajes, paisajes y la cosmovisi\u00f3n on\u00edrica de la artista.<\/p>\n\n\n\n<p>La direcci\u00f3n y dramaturgia de la lagunera Ana Sof\u00eda V\u00e1zquez, quien comparti\u00f3 que esta obra sucede dentro de las paredes de una ciudad amurallada, donde se encuentra La Novicia bordando el manto terrestre junto a sus compa\u00f1eras en lo alto de una torre. <\/p>\n\n\n\n<p>Cuando de pronto, un gato proveniente de otra dimensi\u00f3n, toma uno de los hilos y jugando se lo lleva lejos de la villa. La Novicia, intentando alcanzarlo, corre \u00e1gilmente tras \u00e9l hasta que sin darse cuenta llega al pie de un \u00e1rbol hueco, donde se encuentra con el Guardi\u00e1n del Portal, un ser misterioso y et\u00e9reo que custodia la entrada al bosque m\u00e1gico donde habitan toda clase de personajes fant\u00e1sticos. La novicia se embarcar\u00e1 en un viaje de transformaci\u00f3n que la llevar\u00e1 a recorrer diferentes planos de realidad y a descubrir los hilos invisibles que conectan el mundo terrenal con los confines del cosmos.<br><\/p>\n\n\n\n<p>Los personajes de \u00abEl tejido de los sue\u00f1os\u00bb reflejan el mundo exiliado y vagabundo de Remedios Varo, llevando sus casas a cuestas en b\u00fasqueda de su historia perdida. Esta producci\u00f3n interpreta las pinturas de Varo como un viaje personal, reflejando su sentido de p\u00e9rdida y b\u00fasqueda, agreg\u00f3 la directora.<\/p>\n\n\n\n<p>La escaleta esc\u00e9nica se centra en el lenguaje circense, incorporando disciplinas a\u00e9reas, acrob\u00e1ticas, contorsionismo, equilibrios de manos, rueda cyr y malabares. Se complementa con teatro, danza, poes\u00eda y m\u00fasica, formando un conjunto coreogr\u00e1fico.<\/p>\n\n\n\n<p>La transformaci\u00f3n del espacio se refleja en t\u00e9rminos escenogr\u00e1ficos, lum\u00ednicos y en la evoluci\u00f3n de los personajes, vestuario y maquillaje, evolucionando del plano cotidiano al extra cotidiano. La m\u00fasica original, creada espec\u00edficamente para este espect\u00e1culo, se desarrolla en conjunto con el dise\u00f1o de<br>movimiento, enriqueciendo la experiencia esc\u00e9nica.<\/p>\n\n\n\n<p>Es una Producci\u00f3n Teatral Nacional realizada con el Est\u00edmulo Fiscal EFIARTES. <\/p>\n\n\n\n<p>La funci\u00f3n del viernes a las 20:00 horas y las funciones del s\u00e1bado y domingo ser\u00e1n a las 16:00 y 19:00 horas.<\/p>\n\n\n\n<figure class=\"wp-block-image size-large is-resized\"><img fetchpriority=\"high\" decoding=\"async\" width=\"817\" height=\"1024\" src=\"https:\/\/lavereda.com.mx\/wp-content\/uploads\/2024\/09\/WhatsApp-Image-2024-09-24-at-1.30.57-PM-817x1024.jpeg\" alt=\"\" class=\"wp-image-6234\" style=\"width:516px;height:auto\" srcset=\"https:\/\/lavereda.com.mx\/wp-content\/uploads\/2024\/09\/WhatsApp-Image-2024-09-24-at-1.30.57-PM-817x1024.jpeg 817w, https:\/\/lavereda.com.mx\/wp-content\/uploads\/2024\/09\/WhatsApp-Image-2024-09-24-at-1.30.57-PM-239x300.jpeg 239w, https:\/\/lavereda.com.mx\/wp-content\/uploads\/2024\/09\/WhatsApp-Image-2024-09-24-at-1.30.57-PM-768x963.jpeg 768w, https:\/\/lavereda.com.mx\/wp-content\/uploads\/2024\/09\/WhatsApp-Image-2024-09-24-at-1.30.57-PM.jpeg 1000w\" sizes=\"(max-width: 817px) 100vw, 817px\" \/><\/figure>\n","protected":false},"excerpt":{"rendered":"<p>Tras una exitosa temporada en Ciudad de M\u00e9xico, la puesta en escena multidisciplinaria \u00abEl tejido de los sue\u00f1os\u00bb llega a Torre\u00f3n el viernes 27, s\u00e1bado 28 y domingo 29 de &hellip; <a href=\"https:\/\/lavereda.com.mx\/index.php\/2024\/09\/24\/llega-a-torreon-el-tejido-de-los-suenos\/\" class=\"more-link\">Leer m\u00e1s<\/a><\/p>\n","protected":false},"author":9,"featured_media":6233,"comment_status":"open","ping_status":"open","sticky":false,"template":"","format":"standard","meta":{"footnotes":""},"categories":[2,18],"tags":[172,36,169],"class_list":["post-6232","post","type-post","status-publish","format-standard","has-post-thumbnail","hentry","category-artes-escenicas","category-lomasrelevante","tag-remedios-varo","tag-teatro","tag-teatro-nazas","entry"],"_links":{"self":[{"href":"https:\/\/lavereda.com.mx\/index.php\/wp-json\/wp\/v2\/posts\/6232","targetHints":{"allow":["GET"]}}],"collection":[{"href":"https:\/\/lavereda.com.mx\/index.php\/wp-json\/wp\/v2\/posts"}],"about":[{"href":"https:\/\/lavereda.com.mx\/index.php\/wp-json\/wp\/v2\/types\/post"}],"author":[{"embeddable":true,"href":"https:\/\/lavereda.com.mx\/index.php\/wp-json\/wp\/v2\/users\/9"}],"replies":[{"embeddable":true,"href":"https:\/\/lavereda.com.mx\/index.php\/wp-json\/wp\/v2\/comments?post=6232"}],"version-history":[{"count":2,"href":"https:\/\/lavereda.com.mx\/index.php\/wp-json\/wp\/v2\/posts\/6232\/revisions"}],"predecessor-version":[{"id":6236,"href":"https:\/\/lavereda.com.mx\/index.php\/wp-json\/wp\/v2\/posts\/6232\/revisions\/6236"}],"wp:featuredmedia":[{"embeddable":true,"href":"https:\/\/lavereda.com.mx\/index.php\/wp-json\/wp\/v2\/media\/6233"}],"wp:attachment":[{"href":"https:\/\/lavereda.com.mx\/index.php\/wp-json\/wp\/v2\/media?parent=6232"}],"wp:term":[{"taxonomy":"category","embeddable":true,"href":"https:\/\/lavereda.com.mx\/index.php\/wp-json\/wp\/v2\/categories?post=6232"},{"taxonomy":"post_tag","embeddable":true,"href":"https:\/\/lavereda.com.mx\/index.php\/wp-json\/wp\/v2\/tags?post=6232"}],"curies":[{"name":"wp","href":"https:\/\/api.w.org\/{rel}","templated":true}]}}