{"id":6225,"date":"2024-09-19T23:49:25","date_gmt":"2024-09-19T23:49:25","guid":{"rendered":"http:\/\/lavereda.com.mx\/?p=6225"},"modified":"2024-09-19T23:49:25","modified_gmt":"2024-09-19T23:49:25","slug":"museo-arocena-inaugura-nueva-exposicion-de-arte-contemporaneo","status":"publish","type":"post","link":"https:\/\/lavereda.com.mx\/index.php\/2024\/09\/19\/museo-arocena-inaugura-nueva-exposicion-de-arte-contemporaneo\/","title":{"rendered":"Museo Arocena inaugura nueva exposici\u00f3n de arte contempor\u00e1neo"},"content":{"rendered":"\n<p>El Museo Arocena presenta la nueva exposici\u00f3n&nbsp;\u201cNodo de Arte Contempor\u00e1neo. Colecci\u00f3n Jos\u00e9 Pinto Mazal\u201d, una ambiciosa muestra que re\u00fane&nbsp;m\u00e1s de 150 piezas de 95 artistas&nbsp;que han marcado el rumbo del arte mexicano en las \u00faltimas cuatro d\u00e9cadas.<\/p>\n\n\n\n<p>Entre los creadores presentes destacan nombres como Daniel Lezama, Demi\u00e1n Flores, Betsab\u00e9e Romero, Eric P\u00e9rez, Gabriel de la Mora, Gabriel Orozco, Germ\u00e1n Venegas, Julio Gal\u00e1n, Jan Hendrix, Agust\u00edn Castro, Magali Lara, Agust\u00edn Portillo y Alejandro Pintado, junto a muchos otros de renombre tanto nacional como internacional.<\/p>\n\n\n\n<p>\u201cGracias a la generosidad del coleccionista, la exposici\u00f3n no s\u00f3lo se presenta como una exhibici\u00f3n temporal, sino que tambi\u00e9n inaugura un nuevo espacio semipermanente en el Museo Arocena, dedicado a la exploraci\u00f3n continua del arte contempor\u00e1neo mexicano\u201d, se\u00f1al\u00f3 el museo en un comunicado.<\/p>\n\n\n\n<p>Esta muestra representa la exhibici\u00f3n m\u00e1s extensa hasta la fecha de la colecci\u00f3n del Dr. Jos\u00e9 Pinto Mazal, un acervo que se posiciona como uno de los m\u00e1s importantes del arte contempor\u00e1neo mexicano.<\/p>\n\n\n\n<p>A trav\u00e9s de la mirada del coleccionista, la exposici\u00f3n ofrece un vasto panorama de la producci\u00f3n art\u00edstica actual e invita a reflexionar sobre las preguntas cruciales que definen la construcci\u00f3n del M\u00e9xico contempor\u00e1neo y sus desaf\u00edos actuales.<\/p>\n\n\n\n<p>&nbsp;La inauguraci\u00f3n se realizar\u00e1 este 20 de septiembre a las 7 pm con un evento especial, Fiesta en la calle, que incluir\u00e1 m\u00fasica, baile, food trucks en la avenida Ju\u00e1rez y visitas guiadas nocturnas con horario extendido en el Museo Arocena.<\/p>\n","protected":false},"excerpt":{"rendered":"<p>El Museo Arocena presenta la nueva exposici\u00f3n&nbsp;\u201cNodo de Arte Contempor\u00e1neo. Colecci\u00f3n Jos\u00e9 Pinto Mazal\u201d, una ambiciosa muestra que re\u00fane&nbsp;m\u00e1s de 150 piezas de 95 artistas&nbsp;que han marcado el rumbo del &hellip; <a href=\"https:\/\/lavereda.com.mx\/index.php\/2024\/09\/19\/museo-arocena-inaugura-nueva-exposicion-de-arte-contemporaneo\/\" class=\"more-link\">Leer m\u00e1s<\/a><\/p>\n","protected":false},"author":9,"featured_media":6226,"comment_status":"open","ping_status":"open","sticky":false,"template":"","format":"standard","meta":{"footnotes":""},"categories":[3,18],"tags":[62,132,33],"class_list":["post-6225","post","type-post","status-publish","format-standard","has-post-thumbnail","hentry","category-artes-visuales","category-lomasrelevante","tag-arte","tag-museo-arocena","tag-torreon-2","entry"],"_links":{"self":[{"href":"https:\/\/lavereda.com.mx\/index.php\/wp-json\/wp\/v2\/posts\/6225","targetHints":{"allow":["GET"]}}],"collection":[{"href":"https:\/\/lavereda.com.mx\/index.php\/wp-json\/wp\/v2\/posts"}],"about":[{"href":"https:\/\/lavereda.com.mx\/index.php\/wp-json\/wp\/v2\/types\/post"}],"author":[{"embeddable":true,"href":"https:\/\/lavereda.com.mx\/index.php\/wp-json\/wp\/v2\/users\/9"}],"replies":[{"embeddable":true,"href":"https:\/\/lavereda.com.mx\/index.php\/wp-json\/wp\/v2\/comments?post=6225"}],"version-history":[{"count":1,"href":"https:\/\/lavereda.com.mx\/index.php\/wp-json\/wp\/v2\/posts\/6225\/revisions"}],"predecessor-version":[{"id":6227,"href":"https:\/\/lavereda.com.mx\/index.php\/wp-json\/wp\/v2\/posts\/6225\/revisions\/6227"}],"wp:featuredmedia":[{"embeddable":true,"href":"https:\/\/lavereda.com.mx\/index.php\/wp-json\/wp\/v2\/media\/6226"}],"wp:attachment":[{"href":"https:\/\/lavereda.com.mx\/index.php\/wp-json\/wp\/v2\/media?parent=6225"}],"wp:term":[{"taxonomy":"category","embeddable":true,"href":"https:\/\/lavereda.com.mx\/index.php\/wp-json\/wp\/v2\/categories?post=6225"},{"taxonomy":"post_tag","embeddable":true,"href":"https:\/\/lavereda.com.mx\/index.php\/wp-json\/wp\/v2\/tags?post=6225"}],"curies":[{"name":"wp","href":"https:\/\/api.w.org\/{rel}","templated":true}]}}