{"id":6222,"date":"2024-09-18T00:46:46","date_gmt":"2024-09-18T00:46:46","guid":{"rendered":"http:\/\/lavereda.com.mx\/?p=6222"},"modified":"2024-09-18T00:46:47","modified_gmt":"2024-09-18T00:46:47","slug":"presentan-libro-sobre-la-historia-del-cine-mudo-en-la-laguna","status":"publish","type":"post","link":"https:\/\/lavereda.com.mx\/index.php\/2024\/09\/18\/presentan-libro-sobre-la-historia-del-cine-mudo-en-la-laguna\/","title":{"rendered":"Presentan libro sobre la historia del cine mudo en La Laguna"},"content":{"rendered":"\n<p>El Archivo Municipal de Torre\u00f3n anunci\u00f3 la presentaci\u00f3n del libro sobre la historia del cine mudo en la Comarca Lagunera escrito por \u00c1ngel Miquel, fil\u00f3sofo e historiador del arte especializado en el estudio de la cultura mexicana de la primera mitad del siglo XX.<\/p>\n\n\n\n<p>El libro se titula \u201cEl cine silente en La Laguna\u201d, editado por la Universidad Aut\u00f3noma del Estado de Morelos y el R. Ayuntamiento de Torre\u00f3n, a trav\u00e9s del Archivo Municipal de Torre\u00f3n (2024). Los comentarios estar\u00e1n a cargo de Ana Ribera Carbo, Laura Orellana Trinidad y Mar\u00eda Isabel Salda\u00f1a Villarreal.<\/p>\n\n\n\n<p>La cita es el jueves 19 de septiembre en punto de las 19:00 horas, con entrada libre, en el recinto hist\u00f3rico ubicado en la calle Acu\u00f1a 140, colonia Centro.<\/p>\n\n\n\n<p>Julieta Keldji\u00e1n Etchessarry, profesora investigadora, se\u00f1ala en una rese\u00f1a publicada recientemente que: <em>\u201cEl cine silente en la Laguna recorre el per\u00edodo que va de 1899 a 1930 y delimita su alcance territorial a los principales poblados del n\u00facleo urbano: Lerdo y G\u00f3mez Palacio en el estado de Durango y Torre\u00f3n en Coahuila. Se estructura en cinco cap\u00edtulos que agrupan distintos aspectos tem\u00e1ticos con criterio cronol\u00f3gico. El primer cap\u00edtulo se extiende hasta 1917 y describe el clima social y cultural en el que el cine se inserta prontamente\u201d.<\/em><\/p>\n\n\n\n<p>Asimismo, agrega que: <em>\u201cEn el trabajo de Miquel se concreta, por ejemplo, en la atenci\u00f3n a las infraestructuras, como caminos, edificios, las redes de comunicaci\u00f3n, el desarrollo de la electrificaci\u00f3n, es decir, a las condiciones materiales que hacen posible el desarrollo de un medio. Y no por ello se descuida la mirada hacia la historia general, la mirada macrosc\u00f3pica, que se entrelaza con la presencia de grandes sucesos de la historia nacional, como la Revoluci\u00f3n Mexicana, aunque sin perder de vista su vinculaci\u00f3n con los acontecimientos locales, como la decisiva Batalla de Torre\u00f3n\u201d.<\/em><\/p>\n\n\n\n<p>\u00c1ngel Francisco Miquel Rend\u00f3n naci\u00f3 en 1957 en Torre\u00f3n, Coahuila. Estudi\u00f3 Filosof\u00eda e Historia del Arte en la Universidad Nacional Aut\u00f3noma de M\u00e9xico (UNAM) y es profesor de la Facultad de Artes de la Universidad Aut\u00f3noma del Estado de Morelos.<\/p>\n","protected":false},"excerpt":{"rendered":"<p>El Archivo Municipal de Torre\u00f3n anunci\u00f3 la presentaci\u00f3n del libro sobre la historia del cine mudo en la Comarca Lagunera escrito por \u00c1ngel Miquel, fil\u00f3sofo e historiador del arte especializado &hellip; <a href=\"https:\/\/lavereda.com.mx\/index.php\/2024\/09\/18\/presentan-libro-sobre-la-historia-del-cine-mudo-en-la-laguna\/\" class=\"more-link\">Leer m\u00e1s<\/a><\/p>\n","protected":false},"author":1,"featured_media":6223,"comment_status":"open","ping_status":"open","sticky":false,"template":"","format":"standard","meta":{"footnotes":""},"categories":[5,18],"tags":[40,32,30],"class_list":["post-6222","post","type-post","status-publish","format-standard","has-post-thumbnail","hentry","category-letras-y-libros","category-lomasrelevante","tag-cine","tag-literatura","tag-torreon","entry"],"_links":{"self":[{"href":"https:\/\/lavereda.com.mx\/index.php\/wp-json\/wp\/v2\/posts\/6222","targetHints":{"allow":["GET"]}}],"collection":[{"href":"https:\/\/lavereda.com.mx\/index.php\/wp-json\/wp\/v2\/posts"}],"about":[{"href":"https:\/\/lavereda.com.mx\/index.php\/wp-json\/wp\/v2\/types\/post"}],"author":[{"embeddable":true,"href":"https:\/\/lavereda.com.mx\/index.php\/wp-json\/wp\/v2\/users\/1"}],"replies":[{"embeddable":true,"href":"https:\/\/lavereda.com.mx\/index.php\/wp-json\/wp\/v2\/comments?post=6222"}],"version-history":[{"count":1,"href":"https:\/\/lavereda.com.mx\/index.php\/wp-json\/wp\/v2\/posts\/6222\/revisions"}],"predecessor-version":[{"id":6224,"href":"https:\/\/lavereda.com.mx\/index.php\/wp-json\/wp\/v2\/posts\/6222\/revisions\/6224"}],"wp:featuredmedia":[{"embeddable":true,"href":"https:\/\/lavereda.com.mx\/index.php\/wp-json\/wp\/v2\/media\/6223"}],"wp:attachment":[{"href":"https:\/\/lavereda.com.mx\/index.php\/wp-json\/wp\/v2\/media?parent=6222"}],"wp:term":[{"taxonomy":"category","embeddable":true,"href":"https:\/\/lavereda.com.mx\/index.php\/wp-json\/wp\/v2\/categories?post=6222"},{"taxonomy":"post_tag","embeddable":true,"href":"https:\/\/lavereda.com.mx\/index.php\/wp-json\/wp\/v2\/tags?post=6222"}],"curies":[{"name":"wp","href":"https:\/\/api.w.org\/{rel}","templated":true}]}}