{"id":6216,"date":"2024-09-12T00:39:38","date_gmt":"2024-09-12T00:39:38","guid":{"rendered":"http:\/\/lavereda.com.mx\/?p=6216"},"modified":"2024-09-12T00:39:39","modified_gmt":"2024-09-12T00:39:39","slug":"el-musical-mamma-mia-llega-a-torreon","status":"publish","type":"post","link":"https:\/\/lavereda.com.mx\/index.php\/2024\/09\/12\/el-musical-mamma-mia-llega-a-torreon\/","title":{"rendered":"El musical Mamma Mia! llega a Torre\u00f3n"},"content":{"rendered":"\n<p>Una boda, una hija, una madre y tres posibles padres de la novia, es la historia que atrapar\u00e1 a los laguneros este 02 de octubre en el teatro Nazas, un espect\u00e1culo musical de talla internacional que conmemorar\u00e1 los 20 a\u00f1os de vida de este recinto.<\/p>\n\n\n\n<p>El escenario del teatro ser\u00e1 transformado en una taberna griega en donde habr\u00e1 m\u00fasica, baile, alegr\u00eda y magia qu\u00e9 trae consigo Mamma Mia!, el musical al estilo Broadway protagonizado por la actriz y cantante Lisset.<\/p>\n\n\n\n<p>Mamma Mia! Es uno de los mayores \u00e9xitos de Londres, Broadway y el mundo. A la fecha, m\u00e1s de 40 millones de personas han podido verla y ahora los connacionales podr\u00e1n bailar y corear las famosas melod\u00edas del grupo ABBA.<\/p>\n\n\n\n<p>Cuenta la historia de una joven que ha crecido en una peque\u00f1a isla griega, ha sido educada por una madre rebelde y poco convencional que siempre se ha negado a revelarle la identidad de su padre. Cuando, por fin, parece que la joven est\u00e1 a punto de saberlo, aparecen tres posibles candidatos.<\/p>\n\n\n\n<p>Esta puesta en escena, tuvo una excelente temporada en el Teatro Insurgentes en la ciudad de M\u00e9xico, tal fue el \u00e9xito qu\u00e9 decidieron realizar una gira por el interior de la Rep\u00fablica Mexicana. Mamma m\u00eda!, ya se ha presentado en Canc\u00fan, M\u00e9rida, Quer\u00e9taro, San Luis Potos\u00ed, as\u00ed como Guadalajara y Monterrey.<\/p>\n\n\n\n<p>El elenco principal de Mamma Mia! M\u00e9xico: Lisset es Donna, Mauricio Salas es Sam, Natalia Moguel es Sophie, Luja Duhart es Sky, Armando Rocha es Harry, Francisco Rubio es Bill, Marisol del Olmo es Tanya y Gicela Sehedi es Rosie.\u00bb<\/p>\n\n\n\n<p>Mamma Mia! El musical contar\u00e1 con 2 presentaciones este 02 de octubre en punto de las 18:00 y 21:30 horas en el Teatro Nazas.<\/p>\n\n\n\n<p>Los boletos se pueden adquirir en taquillas del teatro y a trav\u00e9s de la plataforma de newticket.<\/p>\n","protected":false},"excerpt":{"rendered":"<p>Una boda, una hija, una madre y tres posibles padres de la novia, es la historia que atrapar\u00e1 a los laguneros este 02 de octubre en el teatro Nazas, un &hellip; <a href=\"https:\/\/lavereda.com.mx\/index.php\/2024\/09\/12\/el-musical-mamma-mia-llega-a-torreon\/\" class=\"more-link\">Leer m\u00e1s<\/a><\/p>\n","protected":false},"author":1,"featured_media":6217,"comment_status":"open","ping_status":"open","sticky":false,"template":"","format":"standard","meta":{"footnotes":""},"categories":[2,7],"tags":[168,167,36,169],"class_list":["post-6216","post","type-post","status-publish","format-standard","has-post-thumbnail","hentry","category-artes-escenicas","category-entretenimiento","tag-broadway","tag-mamma-mia","tag-teatro","tag-teatro-nazas","entry"],"_links":{"self":[{"href":"https:\/\/lavereda.com.mx\/index.php\/wp-json\/wp\/v2\/posts\/6216","targetHints":{"allow":["GET"]}}],"collection":[{"href":"https:\/\/lavereda.com.mx\/index.php\/wp-json\/wp\/v2\/posts"}],"about":[{"href":"https:\/\/lavereda.com.mx\/index.php\/wp-json\/wp\/v2\/types\/post"}],"author":[{"embeddable":true,"href":"https:\/\/lavereda.com.mx\/index.php\/wp-json\/wp\/v2\/users\/1"}],"replies":[{"embeddable":true,"href":"https:\/\/lavereda.com.mx\/index.php\/wp-json\/wp\/v2\/comments?post=6216"}],"version-history":[{"count":1,"href":"https:\/\/lavereda.com.mx\/index.php\/wp-json\/wp\/v2\/posts\/6216\/revisions"}],"predecessor-version":[{"id":6218,"href":"https:\/\/lavereda.com.mx\/index.php\/wp-json\/wp\/v2\/posts\/6216\/revisions\/6218"}],"wp:featuredmedia":[{"embeddable":true,"href":"https:\/\/lavereda.com.mx\/index.php\/wp-json\/wp\/v2\/media\/6217"}],"wp:attachment":[{"href":"https:\/\/lavereda.com.mx\/index.php\/wp-json\/wp\/v2\/media?parent=6216"}],"wp:term":[{"taxonomy":"category","embeddable":true,"href":"https:\/\/lavereda.com.mx\/index.php\/wp-json\/wp\/v2\/categories?post=6216"},{"taxonomy":"post_tag","embeddable":true,"href":"https:\/\/lavereda.com.mx\/index.php\/wp-json\/wp\/v2\/tags?post=6216"}],"curies":[{"name":"wp","href":"https:\/\/api.w.org\/{rel}","templated":true}]}}