{"id":6212,"date":"2024-09-06T01:01:19","date_gmt":"2024-09-06T01:01:19","guid":{"rendered":"http:\/\/lavereda.com.mx\/?p=6212"},"modified":"2024-09-06T18:16:30","modified_gmt":"2024-09-06T18:16:30","slug":"compania-de-monterrey-presenta-el-ejercito-iluminado-en-torreon","status":"publish","type":"post","link":"https:\/\/lavereda.com.mx\/index.php\/2024\/09\/06\/compania-de-monterrey-presenta-el-ejercito-iluminado-en-torreon\/","title":{"rendered":"Compa\u00f1\u00eda de Monterrey presenta \u201cEl Ej\u00e9rcito Iluminado\u201d en Torre\u00f3n"},"content":{"rendered":"\n<p>La compa\u00f1\u00eda regiomontana Gorguz Teatro presenta este s\u00e1bado 7 de septiembre la obra \u201cEl ej\u00e9rcito iluminado\u201d de David Toscana y dirigida por el maestro Alberto Ontiveros, en el Teatro Nazas a las 19:00 horas.<\/p>\n\n\n\n<p>En entrevista el director de este montaje que inicia en Torre\u00f3n una gira fronteriza coment\u00f3 que esta obra basada en la novela del escritor David Toscana, cuenta la historia de un ej\u00e9rcito de iluminados conformado por cinco ni\u00f1os&nbsp;especiales.<\/p>\n\n\n\n<p>\u201cComo todas las batallas perdidas, unos chicos especiales, quienes est\u00e1n bajo la gu\u00eda de un maestro antiyanqui, sue\u00f1an con que van a recuperar a Texas para M\u00e9xico. &nbsp;Llevarla a escena no fue sencillo, por ir de lo literario a lo dram\u00e1tico. Es una adaptaci\u00f3n bastante cercana, de dos horas de duraci\u00f3n\u201d.<\/p>\n\n\n\n<p>La historia surge a partir de la novela de David Toscana publicada en 2006. \u201cLa montamos en 2017 es la obra que m\u00e1s hemos querido hacer, en 20 a\u00f1os como grupo. Nos ha tra\u00eddo muchas satisfacciones, nos tardamos 12 a\u00f1os en montarla\u201d, agreg\u00f3 el director.<\/p>\n\n\n\n<p>Dijo que el elenco est\u00e1 conformado por actrices y actores sobresalientes con una propuesta esc\u00e9nica minimalista.<\/p>\n\n\n\n<p>\u201cLo que est\u00e1 en escena es muy sencillo, todo el peso del montaje lo dejamos a la historia y al trabajo dram\u00e1tico de las y los actores. Es una mesa y algunas sillas, eso es todo. No hay nada en el escenario, son ellos jugando en escena. Es un grupo muy lindo\u201d.<\/p>\n\n\n\n<p>Alberto Ontiveros destac\u00f3 que esta gira es gracias a una empresa de cerveza a trav\u00e9s del est\u00edmulo Efiartes. Estar\u00e1 en Torre\u00f3n, Chihuahua, Hermosillo y Tijuana, donde develar\u00e1n una placa conmemorativa.<\/p>\n\n\n\n<p>Sobra el Teatro Nazas, el destac\u00f3 que \u201ces un hermoso teatro, estuvimos en 2021 en una funci\u00f3n, nos encant\u00f3 este teatro y siempre quisimos volver\u201d.<\/p>\n","protected":false},"excerpt":{"rendered":"<p>La compa\u00f1\u00eda regiomontana Gorguz Teatro presenta este s\u00e1bado 7 de septiembre la obra \u201cEl ej\u00e9rcito iluminado\u201d de David Toscana y dirigida por el maestro Alberto Ontiveros, en el Teatro Nazas &hellip; <a href=\"https:\/\/lavereda.com.mx\/index.php\/2024\/09\/06\/compania-de-monterrey-presenta-el-ejercito-iluminado-en-torreon\/\" class=\"more-link\">Leer m\u00e1s<\/a><\/p>\n","protected":false},"author":9,"featured_media":6213,"comment_status":"open","ping_status":"open","sticky":false,"template":"","format":"standard","meta":{"footnotes":""},"categories":[2,18],"tags":[36],"class_list":["post-6212","post","type-post","status-publish","format-standard","has-post-thumbnail","hentry","category-artes-escenicas","category-lomasrelevante","tag-teatro","entry"],"_links":{"self":[{"href":"https:\/\/lavereda.com.mx\/index.php\/wp-json\/wp\/v2\/posts\/6212","targetHints":{"allow":["GET"]}}],"collection":[{"href":"https:\/\/lavereda.com.mx\/index.php\/wp-json\/wp\/v2\/posts"}],"about":[{"href":"https:\/\/lavereda.com.mx\/index.php\/wp-json\/wp\/v2\/types\/post"}],"author":[{"embeddable":true,"href":"https:\/\/lavereda.com.mx\/index.php\/wp-json\/wp\/v2\/users\/9"}],"replies":[{"embeddable":true,"href":"https:\/\/lavereda.com.mx\/index.php\/wp-json\/wp\/v2\/comments?post=6212"}],"version-history":[{"count":2,"href":"https:\/\/lavereda.com.mx\/index.php\/wp-json\/wp\/v2\/posts\/6212\/revisions"}],"predecessor-version":[{"id":6215,"href":"https:\/\/lavereda.com.mx\/index.php\/wp-json\/wp\/v2\/posts\/6212\/revisions\/6215"}],"wp:featuredmedia":[{"embeddable":true,"href":"https:\/\/lavereda.com.mx\/index.php\/wp-json\/wp\/v2\/media\/6213"}],"wp:attachment":[{"href":"https:\/\/lavereda.com.mx\/index.php\/wp-json\/wp\/v2\/media?parent=6212"}],"wp:term":[{"taxonomy":"category","embeddable":true,"href":"https:\/\/lavereda.com.mx\/index.php\/wp-json\/wp\/v2\/categories?post=6212"},{"taxonomy":"post_tag","embeddable":true,"href":"https:\/\/lavereda.com.mx\/index.php\/wp-json\/wp\/v2\/tags?post=6212"}],"curies":[{"name":"wp","href":"https:\/\/api.w.org\/{rel}","templated":true}]}}