{"id":621,"date":"2020-09-18T18:48:15","date_gmt":"2020-09-18T18:48:15","guid":{"rendered":"http:\/\/lavereda.com.mx\/?p=621"},"modified":"2020-09-18T18:48:17","modified_gmt":"2020-09-18T18:48:17","slug":"los-duenos-de-la-calle","status":"publish","type":"post","link":"https:\/\/lavereda.com.mx\/index.php\/2020\/09\/18\/los-duenos-de-la-calle\/","title":{"rendered":"Los Due\u00f1os de la Calle"},"content":{"rendered":"\n<p><strong><em>(Boyz n the Hood, 1991)<\/em><\/strong><\/p>\n\n\n\n<p>Los Due\u00f1os de la Calle es una historia de vida sobre los sue\u00f1os de la juventud.<\/p>\n\n\n\n<p>Ubicada en Los \u00c1ngeles, la cinta escrita y dirigida por el entonces tambi\u00e9n joven John Singleton, sigue la historia de tres muchachos afroamericanos, cada uno con sus propias inquietudes, aspiraciones y enfoques sobre lo que debe ser la vida.<\/p>\n\n\n\n<p>Dentro del duro comentario social presentado por el realizador, est\u00e1 el de las fuerzas externas que pueden apagar las aspiraciones de la gente buena. Aunque un alma pura pretenda superarse, siempre existe la maldad inexplicable acech\u00e1ndolo y, eventualmente, convirti\u00e9ndolo en eso que se llama v\u00edctima de las circunstancias.<\/p>\n\n\n\n<p>El fresco casting est\u00e1 formado por Ice Cube, Morris Chesnut y el protagonista Cuba Gooding Jr., que representaba el balance entre los dos mundos que colisionan en una comunidad consumida por la violencia, los vicios y la tremenda desesperanza.<\/p>\n\n\n\n<p>A diferencia de sus amigos, Gooding Jr. lo que busca es prosperar, siguiendo los dictados de su padre Laurence Fishburn, un buen hombre, que se esmera por sacar adelante a su muchacho, que camina sobre hielo quebradizo, con sus amigos que se aproximan mucho a la convivencia con las pandillas y la muerte.<\/p>\n\n\n\n<p>Los Due\u00f1os de la Calle es excelente retrato de lo que son las aspiraciones que uno tiene de joven, y cu\u00e1les eran las cuestiones importantes en una etapa en la que se define lo que ser\u00e1n las personas por el resto de su vida.<\/p>\n\n\n\n<p>(R. Restringido; menores de 17 deben estar acompa\u00f1ados de sus padres)<\/p>\n\n\n\n<p>Netflix<\/p>\n\n\n\n<p>Twitter @LucianoCamposG<\/p>\n","protected":false},"excerpt":{"rendered":"<p>Los Due\u00f1os de la Calle es una historia de vida sobre los sue\u00f1os de la juventud.<\/p>\n","protected":false},"author":3,"featured_media":622,"comment_status":"open","ping_status":"open","sticky":false,"template":"","format":"standard","meta":{"footnotes":""},"categories":[6],"tags":[],"class_list":["post-621","post","type-post","status-publish","format-standard","has-post-thumbnail","hentry","category-cinetv","entry"],"_links":{"self":[{"href":"https:\/\/lavereda.com.mx\/index.php\/wp-json\/wp\/v2\/posts\/621","targetHints":{"allow":["GET"]}}],"collection":[{"href":"https:\/\/lavereda.com.mx\/index.php\/wp-json\/wp\/v2\/posts"}],"about":[{"href":"https:\/\/lavereda.com.mx\/index.php\/wp-json\/wp\/v2\/types\/post"}],"author":[{"embeddable":true,"href":"https:\/\/lavereda.com.mx\/index.php\/wp-json\/wp\/v2\/users\/3"}],"replies":[{"embeddable":true,"href":"https:\/\/lavereda.com.mx\/index.php\/wp-json\/wp\/v2\/comments?post=621"}],"version-history":[{"count":1,"href":"https:\/\/lavereda.com.mx\/index.php\/wp-json\/wp\/v2\/posts\/621\/revisions"}],"predecessor-version":[{"id":623,"href":"https:\/\/lavereda.com.mx\/index.php\/wp-json\/wp\/v2\/posts\/621\/revisions\/623"}],"wp:featuredmedia":[{"embeddable":true,"href":"https:\/\/lavereda.com.mx\/index.php\/wp-json\/wp\/v2\/media\/622"}],"wp:attachment":[{"href":"https:\/\/lavereda.com.mx\/index.php\/wp-json\/wp\/v2\/media?parent=621"}],"wp:term":[{"taxonomy":"category","embeddable":true,"href":"https:\/\/lavereda.com.mx\/index.php\/wp-json\/wp\/v2\/categories?post=621"},{"taxonomy":"post_tag","embeddable":true,"href":"https:\/\/lavereda.com.mx\/index.php\/wp-json\/wp\/v2\/tags?post=621"}],"curies":[{"name":"wp","href":"https:\/\/api.w.org\/{rel}","templated":true}]}}