{"id":6202,"date":"2024-08-29T01:25:32","date_gmt":"2024-08-29T01:25:32","guid":{"rendered":"http:\/\/lavereda.com.mx\/?p=6202"},"modified":"2024-08-29T01:25:33","modified_gmt":"2024-08-29T01:25:33","slug":"se-aproxima-la-feria-internacional-del-libro-de-coahuila","status":"publish","type":"post","link":"https:\/\/lavereda.com.mx\/index.php\/2024\/08\/29\/se-aproxima-la-feria-internacional-del-libro-de-coahuila\/","title":{"rendered":"Se aproxima la Feria Internacional del Libro de Coahuila"},"content":{"rendered":"\n<p>Con Canad\u00e1 y Chihuahua, como pa\u00eds y Estado Invitados de Honor, del 13 al 22 de septiembre tendr\u00e1 lugar la Feria Internacional del Libro de Coahuila, en su XXVI edici\u00f3n, en el Centro Cultural Universitario de la UA de C.<\/p>\n\n\n\n<p>Esther Quintana Salinas, Secretaria de Cultura, dijo que este evento es considerado uno de los tres mejores en su g\u00e9nero del noreste del pa\u00eds.<\/p>\n\n\n\n<p>Tambi\u00e9n estar\u00e1n presentes como invitadas&nbsp;&nbsp;las Universidades de Austin; Houston y la SMU de Dallas, en virtud de que el eje tem\u00e1tico de la FILC 2024 ser\u00e1 \u201cCoahuila-Texas, 200 A\u00f1os de Historia\u201d, en conmemoraci\u00f3n del Bicentenario de la Fundaci\u00f3n del Estado de Coahuila y Texas.<\/p>\n\n\n\n<p>Presentaciones de libros, actuaciones art\u00edsticas de diversos grupos, as\u00ed como actividades preparadas por el Estado y el pa\u00eds invitados, se ofrecer\u00e1n a los miles de visitantes que se esperan.<\/p>\n\n\n\n<p>\u00abLa Feria Internacional del Libro de Coahuila, ya es referente en M\u00e9xico ante la alta calidad de su programa literario; se considera que a lo largo de su historia, recibi\u00f3 alrededor de un mill\u00f3n de visitantes\u00bb, detall\u00f3 la funcionaria.<\/p>\n\n\n\n<p>Tan s\u00f3lo en la edici\u00f3n 2023, dijo Quintana Salinas, se contabilizaron m\u00e1s de 130 mil, tanto de la regi\u00f3n como del interior del estado, del pa\u00eds e incluso del extranjero.<\/p>\n\n\n\n<p>La Secretaria de Cultura, cit\u00f3 a algunos de los invitados internacionales a la FILC, como Dolores Reyes (Argentina). Autora de las novelas \u00abCometierra\u00bb y \u00abMiseria\u00bb.\u00a0\u00a0Gabriela Wiener (Per\u00fa) Narradora y periodista, finalista del Premio Booker Internacional 2024.<\/p>\n\n\n\n<p>Se contar\u00e1 con importantes plumas de Coahuila y M\u00e9xico, como Juli\u00e1n Herbert y la narradora Brenda Lozano, por mencionar solo algunos.<\/p>\n","protected":false},"excerpt":{"rendered":"<p>Con Canad\u00e1 y Chihuahua, como pa\u00eds y Estado Invitados de Honor, del 13 al 22 de septiembre tendr\u00e1 lugar la Feria Internacional del Libro de Coahuila, en su XXVI edici\u00f3n, &hellip; <a href=\"https:\/\/lavereda.com.mx\/index.php\/2024\/08\/29\/se-aproxima-la-feria-internacional-del-libro-de-coahuila\/\" class=\"more-link\">Leer m\u00e1s<\/a><\/p>\n","protected":false},"author":1,"featured_media":6203,"comment_status":"open","ping_status":"open","sticky":false,"template":"","format":"standard","meta":{"footnotes":""},"categories":[5,18],"tags":[32],"class_list":["post-6202","post","type-post","status-publish","format-standard","has-post-thumbnail","hentry","category-letras-y-libros","category-lomasrelevante","tag-literatura","entry"],"_links":{"self":[{"href":"https:\/\/lavereda.com.mx\/index.php\/wp-json\/wp\/v2\/posts\/6202","targetHints":{"allow":["GET"]}}],"collection":[{"href":"https:\/\/lavereda.com.mx\/index.php\/wp-json\/wp\/v2\/posts"}],"about":[{"href":"https:\/\/lavereda.com.mx\/index.php\/wp-json\/wp\/v2\/types\/post"}],"author":[{"embeddable":true,"href":"https:\/\/lavereda.com.mx\/index.php\/wp-json\/wp\/v2\/users\/1"}],"replies":[{"embeddable":true,"href":"https:\/\/lavereda.com.mx\/index.php\/wp-json\/wp\/v2\/comments?post=6202"}],"version-history":[{"count":1,"href":"https:\/\/lavereda.com.mx\/index.php\/wp-json\/wp\/v2\/posts\/6202\/revisions"}],"predecessor-version":[{"id":6204,"href":"https:\/\/lavereda.com.mx\/index.php\/wp-json\/wp\/v2\/posts\/6202\/revisions\/6204"}],"wp:featuredmedia":[{"embeddable":true,"href":"https:\/\/lavereda.com.mx\/index.php\/wp-json\/wp\/v2\/media\/6203"}],"wp:attachment":[{"href":"https:\/\/lavereda.com.mx\/index.php\/wp-json\/wp\/v2\/media?parent=6202"}],"wp:term":[{"taxonomy":"category","embeddable":true,"href":"https:\/\/lavereda.com.mx\/index.php\/wp-json\/wp\/v2\/categories?post=6202"},{"taxonomy":"post_tag","embeddable":true,"href":"https:\/\/lavereda.com.mx\/index.php\/wp-json\/wp\/v2\/tags?post=6202"}],"curies":[{"name":"wp","href":"https:\/\/api.w.org\/{rel}","templated":true}]}}