{"id":6189,"date":"2024-08-16T01:45:37","date_gmt":"2024-08-16T01:45:37","guid":{"rendered":"http:\/\/lavereda.com.mx\/?p=6189"},"modified":"2024-08-16T01:45:38","modified_gmt":"2024-08-16T01:45:38","slug":"perimetro-centro-primer-festival-del-centro-historico","status":"publish","type":"post","link":"https:\/\/lavereda.com.mx\/index.php\/2024\/08\/16\/perimetro-centro-primer-festival-del-centro-historico\/","title":{"rendered":"Per\u00edmetro centro: primer festival del centro hist\u00f3rico"},"content":{"rendered":"\n<p>Este jueves fue presentado \u201cPer\u00edmetro Centro\u201d, Festival de Arte y Cultura del Centro Hist\u00f3rico, a realizarse del 21 al 24 de agosto, el cual nace con la misi\u00f3n de \u201cdar a conocer nuestro pasado y ver hacia el futuro mediante actividades fruto de la sinergia en el presente de distintos actores culturales y art\u00edsticos, cuyo quehacer se desenvuelve en la zona del nacimiento de Torre\u00f3n\u201d, comentaron los organizadores.<\/p>\n\n\n\n<p>Participan las asociaciones culturales Casa la Morelos, Museo Arocena, Archivo Municipal de Torre\u00f3n y el per\u00edmetro aleda\u00f1o a la Plaza de Armas.<\/p>\n\n\n\n<p>En rueda de prensa, el colectivo destac\u00f3 que se trata de un esfuerzo ciudadano que nace en Casa La Morelos en alianza y colaboraci\u00f3n con el Museo Arocena y el Archivo Municipal de Torre\u00f3n.<\/p>\n\n\n\n<p>En este festival el p\u00fablico podr\u00e1 encontrar exposiciones de arte visual, recorridos guiados a museos, talleres para toda la familia, conciertos, bazares, gastronom\u00eda, m\u00fasica, arte urbano, arte contempor\u00e1neo, conferencias y presentaciones de libros, entre otras.<\/p>\n\n\n\n<p>Adem\u00e1s de conferencias, paneles de expertos, visitas a edificios hist\u00f3ricos, di\u00e1logos con artistas y rutas culturales para reflexionar sobre la historia, la econom\u00eda y la sociedad.<\/p>\n\n\n\n<p>La agenda completa de actividades se puede consultar en las redes sociales PERIMETRO ORIGEN.<\/p>\n\n\n\n<figure class=\"wp-block-image size-full is-resized\"><img fetchpriority=\"high\" decoding=\"async\" width=\"1000\" height=\"750\" src=\"https:\/\/lavereda.com.mx\/wp-content\/uploads\/2024\/08\/WhatsApp-Image-2024-08-15-at-1.43.20-PM.jpeg\" alt=\"\" class=\"wp-image-6191\" style=\"width:528px;height:auto\" srcset=\"https:\/\/lavereda.com.mx\/wp-content\/uploads\/2024\/08\/WhatsApp-Image-2024-08-15-at-1.43.20-PM.jpeg 1000w, https:\/\/lavereda.com.mx\/wp-content\/uploads\/2024\/08\/WhatsApp-Image-2024-08-15-at-1.43.20-PM-300x225.jpeg 300w, https:\/\/lavereda.com.mx\/wp-content\/uploads\/2024\/08\/WhatsApp-Image-2024-08-15-at-1.43.20-PM-768x576.jpeg 768w\" sizes=\"(max-width: 1000px) 100vw, 1000px\" \/><\/figure>\n","protected":false},"excerpt":{"rendered":"<p>Este jueves fue presentado \u201cPer\u00edmetro Centro\u201d, Festival de Arte y Cultura del Centro Hist\u00f3rico, a realizarse del 21 al 24 de agosto, el cual nace con la misi\u00f3n de \u201cdar &hellip; <a href=\"https:\/\/lavereda.com.mx\/index.php\/2024\/08\/16\/perimetro-centro-primer-festival-del-centro-historico\/\" class=\"more-link\">Leer m\u00e1s<\/a><\/p>\n","protected":false},"author":9,"featured_media":5958,"comment_status":"open","ping_status":"open","sticky":false,"template":"","format":"standard","meta":{"footnotes":""},"categories":[11,2,18],"tags":[164,33],"class_list":["post-6189","post","type-post","status-publish","format-standard","has-post-thumbnail","hentry","category-agenda","category-artes-escenicas","category-lomasrelevante","tag-centro-historico","tag-torreon-2","entry"],"_links":{"self":[{"href":"https:\/\/lavereda.com.mx\/index.php\/wp-json\/wp\/v2\/posts\/6189","targetHints":{"allow":["GET"]}}],"collection":[{"href":"https:\/\/lavereda.com.mx\/index.php\/wp-json\/wp\/v2\/posts"}],"about":[{"href":"https:\/\/lavereda.com.mx\/index.php\/wp-json\/wp\/v2\/types\/post"}],"author":[{"embeddable":true,"href":"https:\/\/lavereda.com.mx\/index.php\/wp-json\/wp\/v2\/users\/9"}],"replies":[{"embeddable":true,"href":"https:\/\/lavereda.com.mx\/index.php\/wp-json\/wp\/v2\/comments?post=6189"}],"version-history":[{"count":2,"href":"https:\/\/lavereda.com.mx\/index.php\/wp-json\/wp\/v2\/posts\/6189\/revisions"}],"predecessor-version":[{"id":6192,"href":"https:\/\/lavereda.com.mx\/index.php\/wp-json\/wp\/v2\/posts\/6189\/revisions\/6192"}],"wp:featuredmedia":[{"embeddable":true,"href":"https:\/\/lavereda.com.mx\/index.php\/wp-json\/wp\/v2\/media\/5958"}],"wp:attachment":[{"href":"https:\/\/lavereda.com.mx\/index.php\/wp-json\/wp\/v2\/media?parent=6189"}],"wp:term":[{"taxonomy":"category","embeddable":true,"href":"https:\/\/lavereda.com.mx\/index.php\/wp-json\/wp\/v2\/categories?post=6189"},{"taxonomy":"post_tag","embeddable":true,"href":"https:\/\/lavereda.com.mx\/index.php\/wp-json\/wp\/v2\/tags?post=6189"}],"curies":[{"name":"wp","href":"https:\/\/api.w.org\/{rel}","templated":true}]}}