{"id":6186,"date":"2024-08-15T15:51:27","date_gmt":"2024-08-15T15:51:27","guid":{"rendered":"http:\/\/lavereda.com.mx\/?p=6186"},"modified":"2024-08-15T15:51:28","modified_gmt":"2024-08-15T15:51:28","slug":"teatro-isauro-martinez-anuncia-agenda-de-agosto-y-septiembre","status":"publish","type":"post","link":"https:\/\/lavereda.com.mx\/index.php\/2024\/08\/15\/teatro-isauro-martinez-anuncia-agenda-de-agosto-y-septiembre\/","title":{"rendered":"Teatro Isauro Mart\u00ednez anuncia agenda de agosto y septiembre"},"content":{"rendered":"\n<p>El Teatro Isauro Mart\u00ednez anunci\u00f3 su agenda de actividades de los meses agosto y septiembre. La directora, Cecilia Cansino, dio a conocer que la Camerata de Coahuila continuar\u00e1 con su temporada de conciertos oto\u00f1o invierno en este recinto y que vienen importantes conciertos pr\u00f3ximamente.<\/p>\n\n\n\n<p>Este mes continuar\u00e1 el programa de promoci\u00f3n a la lectura \u201cLeo, luego existo\u201d. El lunes 19 de agosto se contar\u00e1 con la participaci\u00f3n de la actriz Luisa Huertas, leyendo textos de V\u00edctor Hugo Rasc\u00f3n Banda, a las 19:00 horas, con entrada libre.<\/p>\n\n\n\n<p>Asimismo, el Festival Internacional de Piano volver\u00e1 a presentarse sobre el escenario del Teatro Isauro Mart\u00ednez. Ser\u00e1 del 28 de agosto al 27 de noviembre, la d\u00e9cimo sexta edici\u00f3n de este evento.<\/p>\n\n\n\n<p>La primera presentaci\u00f3n est\u00e1 a cargo de Sofya Gulyak (Rusia) qui\u00e9n recibi\u00f3 el primer premio y la medalla de oro Princesa Mar\u00eda en el 16\u00b0 Concurso Internacional de Piano de Leeds, Inglaterra, la primera mujer en la historia del concurso en lograr esta distinci\u00f3n.<\/p>\n\n\n\n<p>Por otra parte, el teatro ser\u00e1 sede de la Gala de \u00d3pera con el tenor mexicano Rolando Villaz\u00f3n, el 18 de septiembre, para presentarse acompa\u00f1ado por la soprano Anabel de la Mora, la mezzosoprano Itzeli del Rosario y la Camerata de Coahuila en el marco de su 30 aniversario bajo la direcci\u00f3n del maestro Ram\u00f3n Shade.<\/p>\n\n\n\n<p>En el \u00e1mbito literario, el 4 de septiembre ser\u00e1 la ceremonia de premiaci\u00f3n de la ganadora de la convocatoria Bellas Artes de Obra de Teatro para Ni\u00f1as, Ni\u00f1os y J\u00f3venes \u201cPerla Szuchmacher\u201d 2024.<\/p>\n\n\n\n<p>Concurso que es convocado por La Secretar\u00eda de Cultura del Gobierno de M\u00e9xico, el Instituto Nacional de Bellas Artes y Literatura (INBAL) y la Coordinaci\u00f3n Nacional de Literatura (CNL), en colaboraci\u00f3n con el Estado de Coahuila, mediante la Secretar\u00eda de Cultura estatal y el Patronato del Teatro Isauro Mart\u00ednez.<\/p>\n","protected":false},"excerpt":{"rendered":"<p>El Teatro Isauro Mart\u00ednez anunci\u00f3 su agenda de actividades de los meses agosto y septiembre. La directora, Cecilia Cansino, dio a conocer que la Camerata de Coahuila continuar\u00e1 con su &hellip; <a href=\"https:\/\/lavereda.com.mx\/index.php\/2024\/08\/15\/teatro-isauro-martinez-anuncia-agenda-de-agosto-y-septiembre\/\" class=\"more-link\">Leer m\u00e1s<\/a><\/p>\n","protected":false},"author":9,"featured_media":6188,"comment_status":"open","ping_status":"open","sticky":false,"template":"","format":"standard","meta":{"footnotes":""},"categories":[11,2,18],"tags":[],"class_list":["post-6186","post","type-post","status-publish","format-standard","has-post-thumbnail","hentry","category-agenda","category-artes-escenicas","category-lomasrelevante","entry"],"_links":{"self":[{"href":"https:\/\/lavereda.com.mx\/index.php\/wp-json\/wp\/v2\/posts\/6186","targetHints":{"allow":["GET"]}}],"collection":[{"href":"https:\/\/lavereda.com.mx\/index.php\/wp-json\/wp\/v2\/posts"}],"about":[{"href":"https:\/\/lavereda.com.mx\/index.php\/wp-json\/wp\/v2\/types\/post"}],"author":[{"embeddable":true,"href":"https:\/\/lavereda.com.mx\/index.php\/wp-json\/wp\/v2\/users\/9"}],"replies":[{"embeddable":true,"href":"https:\/\/lavereda.com.mx\/index.php\/wp-json\/wp\/v2\/comments?post=6186"}],"version-history":[{"count":1,"href":"https:\/\/lavereda.com.mx\/index.php\/wp-json\/wp\/v2\/posts\/6186\/revisions"}],"predecessor-version":[{"id":6187,"href":"https:\/\/lavereda.com.mx\/index.php\/wp-json\/wp\/v2\/posts\/6186\/revisions\/6187"}],"wp:featuredmedia":[{"embeddable":true,"href":"https:\/\/lavereda.com.mx\/index.php\/wp-json\/wp\/v2\/media\/6188"}],"wp:attachment":[{"href":"https:\/\/lavereda.com.mx\/index.php\/wp-json\/wp\/v2\/media?parent=6186"}],"wp:term":[{"taxonomy":"category","embeddable":true,"href":"https:\/\/lavereda.com.mx\/index.php\/wp-json\/wp\/v2\/categories?post=6186"},{"taxonomy":"post_tag","embeddable":true,"href":"https:\/\/lavereda.com.mx\/index.php\/wp-json\/wp\/v2\/tags?post=6186"}],"curies":[{"name":"wp","href":"https:\/\/api.w.org\/{rel}","templated":true}]}}