{"id":618,"date":"2020-09-18T15:36:13","date_gmt":"2020-09-18T15:36:13","guid":{"rendered":"http:\/\/lavereda.com.mx\/?p=618"},"modified":"2020-09-18T15:36:15","modified_gmt":"2020-09-18T15:36:15","slug":"apoyan-apertura-de-espacios-escenicos-independientes","status":"publish","type":"post","link":"https:\/\/lavereda.com.mx\/index.php\/2020\/09\/18\/apoyan-apertura-de-espacios-escenicos-independientes\/","title":{"rendered":"Apoyan apertura de espacios esc\u00e9nicos independientes"},"content":{"rendered":"\n<ul class=\"wp-block-list\"><li><strong><em>Los montos ser\u00e1n de hasta 150 mil pesos y hasta 300 mil pesos, seg\u00fan el aforo<\/em><\/strong><\/li><\/ul>\n\n\n\n<p>Con el fin de reconocer los mejores proyectos de reapertura de espacios esc\u00e9nicos independientes, tras el cierre por la presencia de covid 19, la Secretar\u00eda de Cultura del Gobierno de M\u00e9xico, a trav\u00e9s del Centro Cultural Los Pinos y el Centro Nacional de las Artes (Cenart), presenta la Convocatoria para la Reactivaci\u00f3n de espacios esc\u00e9nicos independientes, la cual ofrecer\u00e1 hasta 150 mil pesos para foros con capacidad de 40 a 100 localidades y de hasta 300 mil pesos para los que tengan m\u00e1s de 101 localidades.\u00a0<\/p>\n\n\n\n<p>El jurado calificador, conformado por miembros de la comunidad art\u00edstica y servidores p\u00fablicos con trayectoria en la gesti\u00f3n cultural y la operaci\u00f3n de espacios esc\u00e9nicos, elegir\u00e1 las estrategias m\u00e1s creativas del proyecto art\u00edstico, as\u00ed como la adecuaci\u00f3n de sus instalaciones, si fuera el caso; todo ello, conforme a las disposiciones sanitarias establecidas para la nueva normalidad. Tambi\u00e9n valorar\u00e1n la pertinencia, viabilidad, inter\u00e9s y calidad de los proyectos presentados y buscar\u00e1n la representatividad territorial y la equidad de g\u00e9nero.&nbsp;<\/p>\n\n\n\n<p>Podr\u00e1n participar todos los espacios independientes en el pa\u00eds que cumplan con los siguientes requisitos: trayectoria m\u00ednima de dos a\u00f1os como foro esc\u00e9nico; contar con la documentaci\u00f3n que acredite los permisos para la operaci\u00f3n del espacio; \u00faltima validaci\u00f3n de su programa de protecci\u00f3n civil emitida por la autoridad correspondiente, donde se indique el aforo del lugar; acreditaci\u00f3n de la propiedad o el uso leg\u00edtimo del espacio, ya sea mediante documento de arrendamiento o de comodato, vigente por el periodo de realizaci\u00f3n del proyecto.&nbsp;<\/p>\n\n\n\n<p>Los interesados deber\u00e1n presentar el proyecto de reactivaci\u00f3n, con la descripci\u00f3n detallada de los siguientes puntos: Los objetivos espec\u00edficos que se pretende alcanzar con la reactivaci\u00f3n del espacio; si para la reactivaci\u00f3n del espacio se realizar\u00e1n adecuaciones f\u00edsicas, la descripci\u00f3n de cada una; la descripci\u00f3n de las actividades presenciales y\/o virtuales que se llevar\u00e1n a cabo para la reactivaci\u00f3n del espacio cultural, incluyendo el n\u00famero estimado de audiencia por actividad. Se tomar\u00e1 en cuenta que la mayor\u00eda de las actividades sean presenciales, cuidando las medidas sanitarias, y que s\u00f3lo sean virtuales en caso de que el sem\u00e1foro epidemiol\u00f3gico local lo justifique.&nbsp;<\/p>\n\n\n\n<p>Tambi\u00e9n se deber\u00e1 incluir la descripci\u00f3n de una actividad virtual o presencial que se ofrecer\u00e1 gratuitamente al p\u00fablico (funci\u00f3n, taller, conferencia u otra). En caso de ser presencial, tendr\u00e1 que respetar las medidas sanitarias dispuestas por las autoridades de su entidad; la descripci\u00f3n de la generaci\u00f3n de empleos directos e indirectos, y el presupuesto desglosado del proyecto de reactivaci\u00f3n.\u00a0<\/p>\n\n\n\n<p>Los interesados deber\u00e1n registrarse en la plataforma TELAR, en la siguiente liga:&nbsp;<a href=\"https:\/\/telar.cultura.gob.mx\/\" target=\"_blank\" rel=\"noreferrer noopener\">https:\/\/telar.cultura.gob.mx<\/a>&nbsp;y con el mismo usuario y contrase\u00f1a, cumplir con el proceso de inscripci\u00f3n en la plataforma&nbsp;<a href=\"http:\/\/reactivaciondespacios.cultura.gob.mx\/\" target=\"_blank\" rel=\"noreferrer noopener\">reactivaciondespacios.cultura.gob.mx<\/a>. El registro inicia el jueves 24 de septiembre y termina el jueves 8 de octubre de 2020. Los resultados ser\u00e1n publicados el 28 de octubre de 2020, en la plataforma&nbsp;<a href=\"http:\/\/reactivaciondespacios.cultura.gob.mx\/\" target=\"_blank\" rel=\"noreferrer noopener\">reactivaciondespacios.cultura.gob.mx<\/a>. Para aclaraci\u00f3n de dudas, los postulantes pueden escribir al correo electr\u00f3nico<a href=\"mailto:aclaracionescreei@cultura.gob.mx\" target=\"_blank\" rel=\"noreferrer noopener\">aclaracionescreei@cultura.gob.mx<\/a>.&nbsp;<\/p>\n\n\n\n<p>La convocatoria se puede consultar en:&nbsp;<a href=\"https:\/\/contigoenladistancia.cultura.gob.mx\/detalle\/convocatoria-para-la-reactivacion-de-espacios-escenicos-independientes\" target=\"_blank\" rel=\"noreferrer noopener\">https:\/\/contigoenladistancia.cultura.gob.mx\/detalle\/convocatoria-para-la-reactivacion-de-espacios-escenicos-independientes<\/a>&nbsp;<\/p>\n","protected":false},"excerpt":{"rendered":"<p>Los montos ser\u00e1n de hasta 150 mil pesos y hasta 300 mil pesos, seg\u00fan el aforo Con el fin de reconocer los mejores proyectos de reapertura de espacios esc\u00e9nicos independientes, &hellip; <a href=\"https:\/\/lavereda.com.mx\/index.php\/2020\/09\/18\/apoyan-apertura-de-espacios-escenicos-independientes\/\" class=\"more-link\">Leer m\u00e1s<\/a><\/p>\n","protected":false},"author":1,"featured_media":619,"comment_status":"open","ping_status":"open","sticky":false,"template":"","format":"standard","meta":{"footnotes":""},"categories":[2,18],"tags":[],"class_list":["post-618","post","type-post","status-publish","format-standard","has-post-thumbnail","hentry","category-artes-escenicas","category-lomasrelevante","entry"],"_links":{"self":[{"href":"https:\/\/lavereda.com.mx\/index.php\/wp-json\/wp\/v2\/posts\/618","targetHints":{"allow":["GET"]}}],"collection":[{"href":"https:\/\/lavereda.com.mx\/index.php\/wp-json\/wp\/v2\/posts"}],"about":[{"href":"https:\/\/lavereda.com.mx\/index.php\/wp-json\/wp\/v2\/types\/post"}],"author":[{"embeddable":true,"href":"https:\/\/lavereda.com.mx\/index.php\/wp-json\/wp\/v2\/users\/1"}],"replies":[{"embeddable":true,"href":"https:\/\/lavereda.com.mx\/index.php\/wp-json\/wp\/v2\/comments?post=618"}],"version-history":[{"count":1,"href":"https:\/\/lavereda.com.mx\/index.php\/wp-json\/wp\/v2\/posts\/618\/revisions"}],"predecessor-version":[{"id":620,"href":"https:\/\/lavereda.com.mx\/index.php\/wp-json\/wp\/v2\/posts\/618\/revisions\/620"}],"wp:featuredmedia":[{"embeddable":true,"href":"https:\/\/lavereda.com.mx\/index.php\/wp-json\/wp\/v2\/media\/619"}],"wp:attachment":[{"href":"https:\/\/lavereda.com.mx\/index.php\/wp-json\/wp\/v2\/media?parent=618"}],"wp:term":[{"taxonomy":"category","embeddable":true,"href":"https:\/\/lavereda.com.mx\/index.php\/wp-json\/wp\/v2\/categories?post=618"},{"taxonomy":"post_tag","embeddable":true,"href":"https:\/\/lavereda.com.mx\/index.php\/wp-json\/wp\/v2\/tags?post=618"}],"curies":[{"name":"wp","href":"https:\/\/api.w.org\/{rel}","templated":true}]}}