{"id":6171,"date":"2024-08-06T16:47:39","date_gmt":"2024-08-06T16:47:39","guid":{"rendered":"http:\/\/lavereda.com.mx\/?p=6171"},"modified":"2024-08-06T16:47:40","modified_gmt":"2024-08-06T16:47:40","slug":"el-tenor-rolando-villazon-ofrecera-una-gala-de-opera-en-torreon","status":"publish","type":"post","link":"https:\/\/lavereda.com.mx\/index.php\/2024\/08\/06\/el-tenor-rolando-villazon-ofrecera-una-gala-de-opera-en-torreon\/","title":{"rendered":"El tenor Rolando Villaz\u00f3n ofrecer\u00e1 una Gala de \u00d3pera en Torre\u00f3n"},"content":{"rendered":"\n<p>El reconocido tenor mexicano que ha vendido m\u00e1s de 2 millones de \u00e1lbumes en todo el mundo, Rolando Villaz\u00f3n, presentar\u00e1 una Gala de \u00d3pera en Torre\u00f3n el pr\u00f3ximo 18 de septiembre.<\/p>\n\n\n\n<p>El tenor mexicano estar\u00e1 acompa\u00f1ado por la soprano Anabel de la Mora, la mezzosoprano Itzeli del Rosario y la Camerata de Coahuila en el marco de su 30 aniversario bajo la direcci\u00f3n del maestro Ram\u00f3n Shade, en el Teatro Isauro Mart\u00ednez a las 20:00 horas.\u00a0\u00a0\u00a0<\/p>\n\n\n\n<p>Su visita a La Laguna ser\u00e1 el primero de tres conciertos que brindar\u00e1 en M\u00e9xico durante el mes de septiembre, donde el repertorio estar\u00e1 integrado por arias de \u00f3pera y zarzuela, romances y duetos, que consiste en un recorrido por las m\u00e1s bellas melod\u00edas italianas.\u00a0<\/p>\n\n\n\n<p>Parte de lo recaudado en este concierto ser\u00e1 en beneficio de la Casa Cuna del DIF.<\/p>\n\n\n\n<p>Rolando Villaz\u00f3n naci\u00f3 en la Ciudad de M\u00e9xico e inici\u00f3 sus estudios musicales en el Conservatorio Nacional antes de incorporarse a los programas juveniles de las casas de \u00f3pera de Pittsburgh y de la \u00d3pera de San Francisco. Rolando Villaz\u00f3n se hizo r\u00e1pidamente de un nombre en la escena musical internacional tras ganar varios premios en el concurso \u201cOperalia\u201d de Pl\u00e1cido Domingo en 1999 (incluido el Premio de la Zarzuela y el Premio del P\u00fablico).<\/p>\n\n\n\n<p>A esto le sigui\u00f3, su debut europeo como Des Grieux en Manon de Massenet&nbsp;&nbsp;en G\u00e9nova y debuts como Alfredo en&nbsp;&nbsp;La Traviata en la \u00d3pera de Par\u00eds y como Macduff en Macbeth&nbsp;&nbsp;de Verdi&nbsp;&nbsp;&nbsp;en la Staatsoper de Berl\u00edn. Desde entonces, Rolando Villaz\u00f3n ha sido invitado en las \u00d3peras Estatales de Berl\u00edn, M\u00fanich y Viena, La Scala de Mil\u00e1n, la Royal Opera House, Covent Garden, la Metropolitan Opera de Nueva York y el Festival de Salzburgo, trabajando frecuentemente con importantes orquestas y directores de renombre como Daniel Barenboim, Antonio Pappano y Yannick N\u00e9zet-S\u00e9guin.<\/p>\n\n\n\n<p>En 2007, el tenor se convirti\u00f3 en artista exclusivo de Deutsche Grammophon. Ha vendido m\u00e1s de 2 millones de \u00e1lbumes en todo el mundo y grabado m\u00e1s de 20 CD y DVD que han recibido numerosos premios. Tambi\u00e9n es Chevalier de l&#8217;Ordre des Arts et des Lettres, el reconocimiento m\u00e1s importante en el campo del arte y la literatura en Francia, su residencia permanente. Rolando Villaz\u00f3n es embajador de RED NOSES Clowndoctors International y miembro del Coll\u00e8ge de Pataphysique de Paris. Su primera novela, \u00abMalabares\u00bb, se public\u00f3 en 2013, la segunda, \u00abLebensk\u00fcnstler\u00bb, en abril de 2017 y en 2021 \u201cAmadeus en bicicleta\u201d.<\/p>\n\n\n\n<p>La venta de boletos est\u00e1 disponible en Ciudad DIF (Calz. de los continentes #500, col. Las Etnias). Mayores informes al tel\u00e9fono 8718880775.&nbsp;<\/p>\n\n\n\n<p><\/p>\n","protected":false},"excerpt":{"rendered":"<p>El reconocido tenor mexicano que ha vendido m\u00e1s de 2 millones de \u00e1lbumes en todo el mundo, Rolando Villaz\u00f3n, presentar\u00e1 una Gala de \u00d3pera en Torre\u00f3n el pr\u00f3ximo 18 de &hellip; <a href=\"https:\/\/lavereda.com.mx\/index.php\/2024\/08\/06\/el-tenor-rolando-villazon-ofrecera-una-gala-de-opera-en-torreon\/\" class=\"more-link\">Leer m\u00e1s<\/a><\/p>\n","protected":false},"author":9,"featured_media":6173,"comment_status":"open","ping_status":"open","sticky":false,"template":"","format":"standard","meta":{"footnotes":""},"categories":[18,4],"tags":[137,162,33],"class_list":["post-6171","post","type-post","status-publish","format-standard","has-post-thumbnail","hentry","category-lomasrelevante","category-musica","tag-opera","tag-tenor","tag-torreon-2","entry"],"_links":{"self":[{"href":"https:\/\/lavereda.com.mx\/index.php\/wp-json\/wp\/v2\/posts\/6171","targetHints":{"allow":["GET"]}}],"collection":[{"href":"https:\/\/lavereda.com.mx\/index.php\/wp-json\/wp\/v2\/posts"}],"about":[{"href":"https:\/\/lavereda.com.mx\/index.php\/wp-json\/wp\/v2\/types\/post"}],"author":[{"embeddable":true,"href":"https:\/\/lavereda.com.mx\/index.php\/wp-json\/wp\/v2\/users\/9"}],"replies":[{"embeddable":true,"href":"https:\/\/lavereda.com.mx\/index.php\/wp-json\/wp\/v2\/comments?post=6171"}],"version-history":[{"count":2,"href":"https:\/\/lavereda.com.mx\/index.php\/wp-json\/wp\/v2\/posts\/6171\/revisions"}],"predecessor-version":[{"id":6174,"href":"https:\/\/lavereda.com.mx\/index.php\/wp-json\/wp\/v2\/posts\/6171\/revisions\/6174"}],"wp:featuredmedia":[{"embeddable":true,"href":"https:\/\/lavereda.com.mx\/index.php\/wp-json\/wp\/v2\/media\/6173"}],"wp:attachment":[{"href":"https:\/\/lavereda.com.mx\/index.php\/wp-json\/wp\/v2\/media?parent=6171"}],"wp:term":[{"taxonomy":"category","embeddable":true,"href":"https:\/\/lavereda.com.mx\/index.php\/wp-json\/wp\/v2\/categories?post=6171"},{"taxonomy":"post_tag","embeddable":true,"href":"https:\/\/lavereda.com.mx\/index.php\/wp-json\/wp\/v2\/tags?post=6171"}],"curies":[{"name":"wp","href":"https:\/\/api.w.org\/{rel}","templated":true}]}}