{"id":6167,"date":"2024-08-04T17:14:49","date_gmt":"2024-08-04T17:14:49","guid":{"rendered":"http:\/\/lavereda.com.mx\/?p=6167"},"modified":"2024-08-04T17:14:50","modified_gmt":"2024-08-04T17:14:50","slug":"no-negociable","status":"publish","type":"post","link":"https:\/\/lavereda.com.mx\/index.php\/2024\/08\/04\/no-negociable\/","title":{"rendered":"No negociable"},"content":{"rendered":"\n<p>No negociable, 2024<\/p>\n\n\n\n<p>Netflix<\/p>\n\n\n\n<p>M\u00e1s all\u00e1 de buscar un entretenimiento sencillo y sin complicaciones, la cinta estelarizada por Mauricio Ochmann llama la atenci\u00f3n por el desde\u00f1o a la inteligencia del p\u00fablico.<\/p>\n\n\n\n<p>Todo aqu\u00ed es manejado con tono ligero, en forma de comedia con algo de acci\u00f3n.<\/p>\n\n\n\n<p>Alan (Ochmann) es un h\u00e1bil negociador en casos de secuestro. Mientras enfrenta una crisis matrimonial se entera de que el Presidente de la Rep\u00fablica ha sido privado de su libertad por un presunto resentido social. El protagonista, entonces, deber\u00e1 esforzarse para evitar que maten al mandatario.<\/p>\n\n\n\n<p>Toda la cinta se va en di\u00e1logos para solucionar la crisis, mientras pasan situaciones que retan permanentemente la credibilidad de lo que est\u00e1 pasando.<\/p>\n\n\n\n<p>Al final, lo que se le pida al espectador es que ignore las incongruencias penosas y se r\u00eda al final de las iron\u00edas por las que atraviesan los personajes.<\/p>\n\n\n\n<p>Ochmann es un muy buen actor, que actualmente aparece en numerosas producciones nacionales. Definitivamente puede hacer un mejor trabajo en un proyecto con un poco m\u00e1s de calidad.<\/p>\n\n\n\n<p>(R. Restringido; menores de 17 deben estar acompa\u00f1ados de sus padres)<\/p>\n\n\n\n<p>@LucianoCamposG<\/p>\n\n\n\n<figure class=\"wp-block-embed is-type-video is-provider-youtube wp-block-embed-youtube wp-embed-aspect-16-9 wp-has-aspect-ratio\"><div class=\"wp-block-embed__wrapper\">\n<iframe title=\"No Negociable | Tr\u00e1iler oficial | Netflix\" width=\"1170\" height=\"658\" src=\"https:\/\/www.youtube.com\/embed\/X8KSxPuYBYM?feature=oembed\" frameborder=\"0\" allow=\"accelerometer; autoplay; clipboard-write; encrypted-media; gyroscope; picture-in-picture; web-share\" referrerpolicy=\"strict-origin-when-cross-origin\" allowfullscreen><\/iframe>\n<\/div><\/figure>\n","protected":false},"excerpt":{"rendered":"<p>No negociable, 2024 Netflix M\u00e1s all\u00e1 de buscar un entretenimiento sencillo y sin complicaciones, la cinta estelarizada por Mauricio Ochmann llama la atenci\u00f3n por el desde\u00f1o a la inteligencia del &hellip; <a href=\"https:\/\/lavereda.com.mx\/index.php\/2024\/08\/04\/no-negociable\/\" class=\"more-link\">Leer m\u00e1s<\/a><\/p>\n","protected":false},"author":3,"featured_media":6168,"comment_status":"open","ping_status":"open","sticky":false,"template":"","format":"standard","meta":{"footnotes":""},"categories":[6,7,18],"tags":[56],"class_list":["post-6167","post","type-post","status-publish","format-standard","has-post-thumbnail","hentry","category-cinetv","category-entretenimiento","category-lomasrelevante","tag-netflix","entry"],"_links":{"self":[{"href":"https:\/\/lavereda.com.mx\/index.php\/wp-json\/wp\/v2\/posts\/6167","targetHints":{"allow":["GET"]}}],"collection":[{"href":"https:\/\/lavereda.com.mx\/index.php\/wp-json\/wp\/v2\/posts"}],"about":[{"href":"https:\/\/lavereda.com.mx\/index.php\/wp-json\/wp\/v2\/types\/post"}],"author":[{"embeddable":true,"href":"https:\/\/lavereda.com.mx\/index.php\/wp-json\/wp\/v2\/users\/3"}],"replies":[{"embeddable":true,"href":"https:\/\/lavereda.com.mx\/index.php\/wp-json\/wp\/v2\/comments?post=6167"}],"version-history":[{"count":1,"href":"https:\/\/lavereda.com.mx\/index.php\/wp-json\/wp\/v2\/posts\/6167\/revisions"}],"predecessor-version":[{"id":6169,"href":"https:\/\/lavereda.com.mx\/index.php\/wp-json\/wp\/v2\/posts\/6167\/revisions\/6169"}],"wp:featuredmedia":[{"embeddable":true,"href":"https:\/\/lavereda.com.mx\/index.php\/wp-json\/wp\/v2\/media\/6168"}],"wp:attachment":[{"href":"https:\/\/lavereda.com.mx\/index.php\/wp-json\/wp\/v2\/media?parent=6167"}],"wp:term":[{"taxonomy":"category","embeddable":true,"href":"https:\/\/lavereda.com.mx\/index.php\/wp-json\/wp\/v2\/categories?post=6167"},{"taxonomy":"post_tag","embeddable":true,"href":"https:\/\/lavereda.com.mx\/index.php\/wp-json\/wp\/v2\/tags?post=6167"}],"curies":[{"name":"wp","href":"https:\/\/api.w.org\/{rel}","templated":true}]}}