{"id":6163,"date":"2024-08-02T23:00:28","date_gmt":"2024-08-02T23:00:28","guid":{"rendered":"http:\/\/lavereda.com.mx\/?p=6163"},"modified":"2024-08-05T17:51:22","modified_gmt":"2024-08-05T17:51:22","slug":"mundo-dino-iluminado-ya-esta-en-torreon","status":"publish","type":"post","link":"https:\/\/lavereda.com.mx\/index.php\/2024\/08\/02\/mundo-dino-iluminado-ya-esta-en-torreon\/","title":{"rendered":"Mundo Dino Iluminado ya est\u00e1 en Torre\u00f3n"},"content":{"rendered":"\n<p>La exposici\u00f3n Mundo Dino\u00a0cuenta con 20 dinosaurios iluminados, figuras sin movimiento de talla mediana, que estar\u00e1n disponibles durante un mes en el parque ecol\u00f3gico y tur\u00edstico Puerto Noas, para el deleite del p\u00fablico lagunero.<\/p>\n\n\n\n<p>Se espera la visita de m\u00e1s de 80 mil personas a esta exposici\u00f3n, especialmente p\u00fablico infantil acompa\u00f1ado de sus familias, informaron los titulares de turismo en Coahuila y la regi\u00f3n Laguna.<\/p>\n\n\n\n<p>Desde su inauguraci\u00f3n, este espacio ha recibido a m\u00e1s de 2 millones de visitantes; de los cuales un mill\u00f3n llegaron atra\u00eddos por una exposici\u00f3n permanente de dinosaurios robotizados.<\/p>\n\n\n\n<p>Uno de los espacios favoritos en estas vacaciones es el Puerto Noas, que adem\u00e1s ofrece otros atractivos como restaurantes al aire libre, exposiciones art\u00edsticas y venta de artesan\u00edas.<\/p>\n\n\n\n<p>Ver\u00f3nica Soto D\u00edaz, Directora General del Telef\u00e9rico Torre\u00f3n y Puerto Noas comparti\u00f3 que este es un lugar hecho para todas y todos los laguneros, \u201cagradezco al gobierno por darnos este regalo, Mundo Dino, que est\u00e1 maravilloso, igualmente al Museo del Desierto, son Dinos iluminados que se ven espectaculares en el d\u00eda, pero que en la noche son m\u00e1gicos\u00bb.<\/p>\n\n\n\n<p>La entrada es gratuita.<\/p>\n","protected":false},"excerpt":{"rendered":"<p>La exposici\u00f3n Mundo Dino\u00a0cuenta con 20 dinosaurios iluminados, figuras sin movimiento de talla mediana, que estar\u00e1n disponibles durante un mes en el parque ecol\u00f3gico y tur\u00edstico Puerto Noas, para el &hellip; <a href=\"https:\/\/lavereda.com.mx\/index.php\/2024\/08\/02\/mundo-dino-iluminado-ya-esta-en-torreon\/\" class=\"more-link\">Leer m\u00e1s<\/a><\/p>\n","protected":false},"author":9,"featured_media":6164,"comment_status":"open","ping_status":"open","sticky":false,"template":"","format":"standard","meta":{"footnotes":""},"categories":[3,7,18],"tags":[],"class_list":["post-6163","post","type-post","status-publish","format-standard","has-post-thumbnail","hentry","category-artes-visuales","category-entretenimiento","category-lomasrelevante","entry"],"_links":{"self":[{"href":"https:\/\/lavereda.com.mx\/index.php\/wp-json\/wp\/v2\/posts\/6163","targetHints":{"allow":["GET"]}}],"collection":[{"href":"https:\/\/lavereda.com.mx\/index.php\/wp-json\/wp\/v2\/posts"}],"about":[{"href":"https:\/\/lavereda.com.mx\/index.php\/wp-json\/wp\/v2\/types\/post"}],"author":[{"embeddable":true,"href":"https:\/\/lavereda.com.mx\/index.php\/wp-json\/wp\/v2\/users\/9"}],"replies":[{"embeddable":true,"href":"https:\/\/lavereda.com.mx\/index.php\/wp-json\/wp\/v2\/comments?post=6163"}],"version-history":[{"count":2,"href":"https:\/\/lavereda.com.mx\/index.php\/wp-json\/wp\/v2\/posts\/6163\/revisions"}],"predecessor-version":[{"id":6166,"href":"https:\/\/lavereda.com.mx\/index.php\/wp-json\/wp\/v2\/posts\/6163\/revisions\/6166"}],"wp:featuredmedia":[{"embeddable":true,"href":"https:\/\/lavereda.com.mx\/index.php\/wp-json\/wp\/v2\/media\/6164"}],"wp:attachment":[{"href":"https:\/\/lavereda.com.mx\/index.php\/wp-json\/wp\/v2\/media?parent=6163"}],"wp:term":[{"taxonomy":"category","embeddable":true,"href":"https:\/\/lavereda.com.mx\/index.php\/wp-json\/wp\/v2\/categories?post=6163"},{"taxonomy":"post_tag","embeddable":true,"href":"https:\/\/lavereda.com.mx\/index.php\/wp-json\/wp\/v2\/tags?post=6163"}],"curies":[{"name":"wp","href":"https:\/\/api.w.org\/{rel}","templated":true}]}}