{"id":6149,"date":"2024-07-25T01:16:01","date_gmt":"2024-07-25T01:16:01","guid":{"rendered":"http:\/\/lavereda.com.mx\/?p=6149"},"modified":"2024-07-25T01:17:21","modified_gmt":"2024-07-25T01:17:21","slug":"conoce-a-los-atletas-coahuilenses-que-compiten-las-olimpiadas-de-paris","status":"publish","type":"post","link":"https:\/\/lavereda.com.mx\/index.php\/2024\/07\/25\/conoce-a-los-atletas-coahuilenses-que-compiten-las-olimpiadas-de-paris\/","title":{"rendered":"Conoce a los atletas coahuilenses que compiten las olimpiadas de Par\u00eds"},"content":{"rendered":"\n<p>Ser\u00e1n nueve las y los atletas coahuilenses&nbsp;&nbsp;que estar\u00e1n representando a nuestro estado y a M\u00e9xico en los Juegos Ol\u00edmpicos Par\u00eds 2024, del 26 de julio al 11 de agosto.<\/p>\n\n\n\n<p>Las y los coahuilenses que estar\u00e1n en Par\u00eds tendr\u00e1n participaci\u00f3n en cuatro disciplinas: tiro con arco, tiro deportivo, nataci\u00f3n y gimnasia r\u00edtmica.&nbsp;<\/p>\n\n\n\n<p>En tiro con arco, son cuatro atletas coahuilenses los que tendr\u00e1n acci\u00f3n en Par\u00eds:<\/p>\n\n\n\n<p>Ana Paula V\u00e1zquez Flores tendr\u00e1 su segunda participaci\u00f3n en unos Juegos Ol\u00edmpicos luego de integrar la Selecci\u00f3n Mexicana en Tokio 2020.<\/p>\n\n\n\n<p>\u00c1ngela Ruiz Rosales debutar\u00e1 en Juegos Ol\u00edmpicos y se convertir\u00e1 en la atleta m\u00e1s joven de la delegaci\u00f3n mexicana, ya que cuenta con 17 a\u00f1os.<\/p>\n\n\n\n<p>Bruno Mart\u00ednez Wing, originario del Estado de M\u00e9xico pero que desde hace tiempo representa a Coahuila, estar\u00e1 en sus primeras Olimpiadas.<\/p>\n\n\n\n<p>Y Mat\u00edas Grande Kalionchiz quien es de las j\u00f3venes promesas del tiro con arco y en Par\u00eds debutar\u00e1 en Juegos Ol\u00edmpicos.\u00a0\u00a0<\/p>\n\n\n\n<figure class=\"wp-block-image size-full is-resized\"><img fetchpriority=\"high\" decoding=\"async\" width=\"1000\" height=\"1000\" src=\"https:\/\/lavereda.com.mx\/wp-content\/uploads\/2024\/07\/deportista2.jpeg\" alt=\"\" class=\"wp-image-6151\" style=\"width:474px;height:auto\" srcset=\"https:\/\/lavereda.com.mx\/wp-content\/uploads\/2024\/07\/deportista2.jpeg 1000w, https:\/\/lavereda.com.mx\/wp-content\/uploads\/2024\/07\/deportista2-300x300.jpeg 300w, https:\/\/lavereda.com.mx\/wp-content\/uploads\/2024\/07\/deportista2-150x150.jpeg 150w, https:\/\/lavereda.com.mx\/wp-content\/uploads\/2024\/07\/deportista2-768x768.jpeg 768w\" sizes=\"(max-width: 1000px) 100vw, 1000px\" \/><\/figure>\n\n\n\n<p><\/p>\n\n\n\n<p>En la disciplina de tiro deportivo Coahuila tiene tres representantes:<\/p>\n\n\n\n<p>Edson Ismael Ram\u00edrez Ramos tendr\u00e1 participaci\u00f3n en sus segundos Juegos Ol\u00edmpicos en la disciplina de rifle de aire 10 metros, tras tener una buena actuaci\u00f3n en Tokio 2020.<\/p>\n\n\n\n<p>Gabriela Rodr\u00edguez Garza tendr\u00e1 su segunda experiencia ol\u00edmpica en Par\u00eds 2024 en la disciplina de tiro con escopeta, modalidad skeet femenil.<\/p>\n\n\n\n<p>Adem\u00e1s, el entrenador coahuilense Blas Ruiz Mart\u00ednez acompa\u00f1ar\u00e1 a Edson Ram\u00edrez en esta justa ol\u00edmpica.<\/p>\n\n\n\n<p>En la nataci\u00f3n, Coahuila estar\u00e1 muy bien representado con Miguel Alejandro de Lara Ojeda, quien participar\u00e1 en sus primeros Juegos Ol\u00edmpicos, en la prueba de los 200 metros estilo pecho.<\/p>\n\n\n\n<p>Asimismo, Ana Sof\u00eda Flores Valdez ser\u00e1 parte de la Selecci\u00f3n Mexicana de gimnasia r\u00edtmica, que por primera vez estar\u00e1 en una justa ol\u00edmpica.<\/p>\n","protected":false},"excerpt":{"rendered":"<p>Ser\u00e1n nueve las y los atletas coahuilenses&nbsp;&nbsp;que estar\u00e1n representando a nuestro estado y a M\u00e9xico en los Juegos Ol\u00edmpicos Par\u00eds 2024, del 26 de julio al 11 de agosto. Las &hellip; <a href=\"https:\/\/lavereda.com.mx\/index.php\/2024\/07\/25\/conoce-a-los-atletas-coahuilenses-que-compiten-las-olimpiadas-de-paris\/\" class=\"more-link\">Leer m\u00e1s<\/a><\/p>\n","protected":false},"author":1,"featured_media":6152,"comment_status":"open","ping_status":"open","sticky":false,"template":"","format":"standard","meta":{"footnotes":""},"categories":[18,8],"tags":[94,159,160],"class_list":["post-6149","post","type-post","status-publish","format-standard","has-post-thumbnail","hentry","category-lomasrelevante","category-sociedad","tag-coahuila","tag-olimpiadas","tag-paris2024","entry"],"_links":{"self":[{"href":"https:\/\/lavereda.com.mx\/index.php\/wp-json\/wp\/v2\/posts\/6149","targetHints":{"allow":["GET"]}}],"collection":[{"href":"https:\/\/lavereda.com.mx\/index.php\/wp-json\/wp\/v2\/posts"}],"about":[{"href":"https:\/\/lavereda.com.mx\/index.php\/wp-json\/wp\/v2\/types\/post"}],"author":[{"embeddable":true,"href":"https:\/\/lavereda.com.mx\/index.php\/wp-json\/wp\/v2\/users\/1"}],"replies":[{"embeddable":true,"href":"https:\/\/lavereda.com.mx\/index.php\/wp-json\/wp\/v2\/comments?post=6149"}],"version-history":[{"count":3,"href":"https:\/\/lavereda.com.mx\/index.php\/wp-json\/wp\/v2\/posts\/6149\/revisions"}],"predecessor-version":[{"id":6154,"href":"https:\/\/lavereda.com.mx\/index.php\/wp-json\/wp\/v2\/posts\/6149\/revisions\/6154"}],"wp:featuredmedia":[{"embeddable":true,"href":"https:\/\/lavereda.com.mx\/index.php\/wp-json\/wp\/v2\/media\/6152"}],"wp:attachment":[{"href":"https:\/\/lavereda.com.mx\/index.php\/wp-json\/wp\/v2\/media?parent=6149"}],"wp:term":[{"taxonomy":"category","embeddable":true,"href":"https:\/\/lavereda.com.mx\/index.php\/wp-json\/wp\/v2\/categories?post=6149"},{"taxonomy":"post_tag","embeddable":true,"href":"https:\/\/lavereda.com.mx\/index.php\/wp-json\/wp\/v2\/tags?post=6149"}],"curies":[{"name":"wp","href":"https:\/\/api.w.org\/{rel}","templated":true}]}}