{"id":6142,"date":"2024-07-19T18:55:53","date_gmt":"2024-07-19T18:55:53","guid":{"rendered":"http:\/\/lavereda.com.mx\/?p=6142"},"modified":"2024-07-19T18:55:54","modified_gmt":"2024-07-19T18:55:54","slug":"masters-of-the-air-miniserie","status":"publish","type":"post","link":"https:\/\/lavereda.com.mx\/index.php\/2024\/07\/19\/masters-of-the-air-miniserie\/","title":{"rendered":"Masters of the air (miniserie)"},"content":{"rendered":"\n<p>Masters of the air, 2024<\/p>\n\n\n\n<p>Apple TV+<\/p>\n\n\n\n<p>Steven Spielberg y Tom Hanks vuelven a echar un vistazo hist\u00f3rico como productores a este drama de la Segunda Guerra Mundial, pero ahora desde la acci\u00f3n de los pilotos de aeronaves que combatieron la amenaza de los Nazis.<\/p>\n\n\n\n<p>As\u00ed como lo hicieron en a\u00f1os anteriores con Band of Brothers, y el conflicto visto desde Europa, y El Pac\u00edfico, con la perspectiva del combate a los japoneses, esta serie de nueve episodios est\u00e1 hecha con toda la mano y vibra de emoci\u00f3n.<\/p>\n\n\n\n<p>Austin Buttler y Callum Turner son dos de los experimentados, apuestos y j\u00f3venes pilotos que pasan por numerosas misiones en territorio ocupado por las tropas de Hitler y deben enfrentar la amenazas que les disparan desde el aire, pero tambi\u00e9n los bombarderos que desde el suelo buscan derribarlos.<\/p>\n\n\n\n<p>Obviamente, los estadounidenses son retratados como h\u00e9roes que liberaron al planeta de la instauraci\u00f3n del tercer Reich.<\/p>\n\n\n\n<p>Contiene impresionantes efectos especiales y las batallas en el cielo quitan el aliento.<\/p>\n\n\n\n<p>(NC-17. No apto para menores de 18)<\/p>\n\n\n\n<p>@LucianoCamposG<\/p>\n\n\n\n<figure class=\"wp-block-embed is-type-video is-provider-youtube wp-block-embed-youtube wp-embed-aspect-16-9 wp-has-aspect-ratio\"><div class=\"wp-block-embed__wrapper\">\n<iframe title=\"Masters of the Air (2024) - Tr\u00e1iler Subtitulado en Espa\u00f1ol - Miniserie\" width=\"1170\" height=\"658\" src=\"https:\/\/www.youtube.com\/embed\/1tqigcUpzxw?feature=oembed\" frameborder=\"0\" allow=\"accelerometer; autoplay; clipboard-write; encrypted-media; gyroscope; picture-in-picture; web-share\" referrerpolicy=\"strict-origin-when-cross-origin\" allowfullscreen><\/iframe>\n<\/div><\/figure>\n","protected":false},"excerpt":{"rendered":"<p>Masters of the air, 2024 Apple TV+ Steven Spielberg y Tom Hanks vuelven a echar un vistazo hist\u00f3rico como productores a este drama de la Segunda Guerra Mundial, pero ahora &hellip; <a href=\"https:\/\/lavereda.com.mx\/index.php\/2024\/07\/19\/masters-of-the-air-miniserie\/\" class=\"more-link\">Leer m\u00e1s<\/a><\/p>\n","protected":false},"author":3,"featured_media":6143,"comment_status":"open","ping_status":"open","sticky":false,"template":"","format":"standard","meta":{"footnotes":""},"categories":[6,7],"tags":[68],"class_list":["post-6142","post","type-post","status-publish","format-standard","has-post-thumbnail","hentry","category-cinetv","category-entretenimiento","tag-series","entry"],"_links":{"self":[{"href":"https:\/\/lavereda.com.mx\/index.php\/wp-json\/wp\/v2\/posts\/6142","targetHints":{"allow":["GET"]}}],"collection":[{"href":"https:\/\/lavereda.com.mx\/index.php\/wp-json\/wp\/v2\/posts"}],"about":[{"href":"https:\/\/lavereda.com.mx\/index.php\/wp-json\/wp\/v2\/types\/post"}],"author":[{"embeddable":true,"href":"https:\/\/lavereda.com.mx\/index.php\/wp-json\/wp\/v2\/users\/3"}],"replies":[{"embeddable":true,"href":"https:\/\/lavereda.com.mx\/index.php\/wp-json\/wp\/v2\/comments?post=6142"}],"version-history":[{"count":1,"href":"https:\/\/lavereda.com.mx\/index.php\/wp-json\/wp\/v2\/posts\/6142\/revisions"}],"predecessor-version":[{"id":6144,"href":"https:\/\/lavereda.com.mx\/index.php\/wp-json\/wp\/v2\/posts\/6142\/revisions\/6144"}],"wp:featuredmedia":[{"embeddable":true,"href":"https:\/\/lavereda.com.mx\/index.php\/wp-json\/wp\/v2\/media\/6143"}],"wp:attachment":[{"href":"https:\/\/lavereda.com.mx\/index.php\/wp-json\/wp\/v2\/media?parent=6142"}],"wp:term":[{"taxonomy":"category","embeddable":true,"href":"https:\/\/lavereda.com.mx\/index.php\/wp-json\/wp\/v2\/categories?post=6142"},{"taxonomy":"post_tag","embeddable":true,"href":"https:\/\/lavereda.com.mx\/index.php\/wp-json\/wp\/v2\/tags?post=6142"}],"curies":[{"name":"wp","href":"https:\/\/api.w.org\/{rel}","templated":true}]}}