{"id":6139,"date":"2024-07-18T01:39:09","date_gmt":"2024-07-18T01:39:09","guid":{"rendered":"http:\/\/lavereda.com.mx\/?p=6139"},"modified":"2024-07-18T01:39:10","modified_gmt":"2024-07-18T01:39:10","slug":"anuncian-programa-de-espana-pais-invitado-de-la-fil","status":"publish","type":"post","link":"https:\/\/lavereda.com.mx\/index.php\/2024\/07\/18\/anuncian-programa-de-espana-pais-invitado-de-la-fil\/","title":{"rendered":"Anuncian programa de Espa\u00f1a, pa\u00eds invitado de la FIL"},"content":{"rendered":"\n<ul class=\"wp-block-list\">\n<li><em>Espa\u00f1a siempre ha sido un pa\u00eds presente en esta feria, la m\u00e1s importante del libro en espa\u00f1ol, que mueve a m\u00e1s de 800.000 visitantes<\/em> <em>cada a\u00f1o.<\/em><\/li>\n<\/ul>\n\n\n\n<p>\u201cLeer un libro es hacer un viaje, y ese viaje hace un camino. Y precisamente el viaje es el motivo que atraviesa el camino de ida y vuelta con el que Espa\u00f1a llega a M\u00e9xico como Pa\u00eds Invitado de Honor de la Feria Internacional del Libro de Guadalajara\u201d.<\/p>\n\n\n\n<p>As\u00ed se anuncia el programa de actividades de Espa\u00f1a en la edici\u00f3n n\u00famero 38 de la FIL, que se celebrar\u00e1 del 30 de noviembre al 8 de diciembre de 2024. Bajo el lema Camino de ida y vuelta, la presencia de Espa\u00f1a en la FIL Guadalajara, dirigida por el Ministerio de Cultura a trav\u00e9s de la Direcci\u00f3n General del Libro, del C\u00f3mic y de la Lectura junto a Acci\u00f3n Cultural Espa\u00f1ola (AC\/E), pretende mostrar la imagen de un pa\u00eds plural, diverso y multicultural, v\u00ednculo de comunicaci\u00f3n privilegiado de Europa con Am\u00e9rica Latina y puente de ida y vuelta tendido a trav\u00e9s del oc\u00e9ano Atl\u00e1ntico.<\/p>\n\n\n\n<p>La \u00faltima vez que Espa\u00f1a particip\u00f3 como invitada de honor fue en el a\u00f1o 2000 con el lema El camino a la cultura, anunci\u00f3 la FIL en un comunicado de prensa. Pero sus comunidades aut\u00f3nomas han estado presentes en varios ediciones.<\/p>\n\n\n\n<p>\u201cEsta frecuente presencia denota la importancia que para Espa\u00f1a y tambi\u00e9n para el sector del libro tiene esta feria, la m\u00e1s importante del libro en espa\u00f1ol, que mueve a m\u00e1s de 800.000 visitantes en cada edici\u00f3n\u201d, resalta en comunicado.<\/p>\n\n\n\n<p>Con la igualdad de g\u00e9nero, la pluralidad ling\u00fc\u00edstica, la bibliodiversidad y la sostenibilidad como pilares estrat\u00e9gicos para la confecci\u00f3n del programa, Espa\u00f1a viaja a la FIL con una delegaci\u00f3n de cerca de 150 autores en el programa literario y profesional.<\/p>\n\n\n\n<p>Entre las y los autores se encuentran Bernardo Atxaga, Manuel Rivas, Anna Pacheco, Luis Mateo D\u00edez, Marta Sanz, Paul Guasch, Mar\u00eda S\u00e1nchez, Alana S. Portero, Marta Jim\u00e9nez Serrano, Mar\u00eda Due\u00f1as, Irene Vallejo, Katixa Aguirre, Patricio Pron, Ram\u00f3n Andr\u00e9s, Joan Carles M\u00e8lich, Antonio Monegal o Kirmen Uribe.<\/p>\n\n\n\n<p>La memoria y el exilio ocupar\u00e1n un lugar central en la programaci\u00f3n para recordar y agradecer a M\u00e9xico su papel en la acogida de escritores e intelectuales espa\u00f1oles despu\u00e9s de la guerra civil espa\u00f1ola.<\/p>\n\n\n\n<p>La apertura del Sal\u00f3n Literario, actividad solemne que organiza cada a\u00f1o la Feria como inauguraci\u00f3n del programa, ser\u00e1, en esta ocasi\u00f3n, una conversaci\u00f3n, propuesta por Espa\u00f1a como Invitada de Honor, entre Rosa Montero y Fernando Aramburu, moderados por Berna Gonz\u00e1lez Harbour.<\/p>\n\n\n\n<p>La programaci\u00f3n completa se puede consultar en: <a href=\"http:\/\/www.fil.com.mx\/\" target=\"_blank\" rel=\"noreferrer noopener\">www.fil.com.mx<\/a><\/p>\n","protected":false},"excerpt":{"rendered":"<p>\u201cLeer un libro es hacer un viaje, y ese viaje hace un camino. Y precisamente el viaje es el motivo que atraviesa el camino de ida y vuelta con el &hellip; <a href=\"https:\/\/lavereda.com.mx\/index.php\/2024\/07\/18\/anuncian-programa-de-espana-pais-invitado-de-la-fil\/\" class=\"more-link\">Leer m\u00e1s<\/a><\/p>\n","protected":false},"author":9,"featured_media":6140,"comment_status":"open","ping_status":"open","sticky":false,"template":"","format":"standard","meta":{"footnotes":""},"categories":[5,18],"tags":[156,90,155,32],"class_list":["post-6139","post","type-post","status-publish","format-standard","has-post-thumbnail","hentry","category-letras-y-libros","category-lomasrelevante","tag-espana","tag-fil","tag-guadalajara","tag-literatura","entry"],"_links":{"self":[{"href":"https:\/\/lavereda.com.mx\/index.php\/wp-json\/wp\/v2\/posts\/6139","targetHints":{"allow":["GET"]}}],"collection":[{"href":"https:\/\/lavereda.com.mx\/index.php\/wp-json\/wp\/v2\/posts"}],"about":[{"href":"https:\/\/lavereda.com.mx\/index.php\/wp-json\/wp\/v2\/types\/post"}],"author":[{"embeddable":true,"href":"https:\/\/lavereda.com.mx\/index.php\/wp-json\/wp\/v2\/users\/9"}],"replies":[{"embeddable":true,"href":"https:\/\/lavereda.com.mx\/index.php\/wp-json\/wp\/v2\/comments?post=6139"}],"version-history":[{"count":1,"href":"https:\/\/lavereda.com.mx\/index.php\/wp-json\/wp\/v2\/posts\/6139\/revisions"}],"predecessor-version":[{"id":6141,"href":"https:\/\/lavereda.com.mx\/index.php\/wp-json\/wp\/v2\/posts\/6139\/revisions\/6141"}],"wp:featuredmedia":[{"embeddable":true,"href":"https:\/\/lavereda.com.mx\/index.php\/wp-json\/wp\/v2\/media\/6140"}],"wp:attachment":[{"href":"https:\/\/lavereda.com.mx\/index.php\/wp-json\/wp\/v2\/media?parent=6139"}],"wp:term":[{"taxonomy":"category","embeddable":true,"href":"https:\/\/lavereda.com.mx\/index.php\/wp-json\/wp\/v2\/categories?post=6139"},{"taxonomy":"post_tag","embeddable":true,"href":"https:\/\/lavereda.com.mx\/index.php\/wp-json\/wp\/v2\/tags?post=6139"}],"curies":[{"name":"wp","href":"https:\/\/api.w.org\/{rel}","templated":true}]}}