{"id":6130,"date":"2024-07-09T17:33:44","date_gmt":"2024-07-09T17:33:44","guid":{"rendered":"http:\/\/lavereda.com.mx\/?p=6130"},"modified":"2024-07-09T17:33:45","modified_gmt":"2024-07-09T17:33:45","slug":"secretaria-de-cultura-adeuda-apoyo-a-la-compania-desierto-teatro","status":"publish","type":"post","link":"https:\/\/lavereda.com.mx\/index.php\/2024\/07\/09\/secretaria-de-cultura-adeuda-apoyo-a-la-compania-desierto-teatro\/","title":{"rendered":"Secretar\u00eda de Cultura adeuda apoyo a la compa\u00f1\u00eda Desierto Teatro"},"content":{"rendered":"\n<p>El pasado 5 de enero, Hugo Dena, creador esc\u00e9nico y director de la compa\u00f1\u00eda Desierto Teatro hizo una solicitud de apoyo econ\u00f3mico a la\u00a0Secretar\u00eda de Cultura de Coahuila, para complementar los costos de producci\u00f3n de la puesta en escena \u201cJu\u00e1rez \u2013 Jerusalem\u201d que la compa\u00f1\u00eda estren\u00f3 el pasado 18 de abril.<\/p>\n\n\n\n<p>En una carta p\u00fablica, Hugo Dena manifest\u00f3 que el 22 de febrero se le notific\u00f3 que el apoyo estaba autorizado, se hizo el env\u00edo de la documentaci\u00f3n personal solicitada para dar inicio al tr\u00e1mite administrativo.&nbsp;&nbsp;La cantidad autorizada se pagar\u00eda en dos partes y se realiz\u00f3 la firma de un convenio.<\/p>\n\n\n\n<p>\u201cPor nuestra parte, durante la espera del recurso, continuamos realizando el trabajo de producci\u00f3n y montaje de la puesta en escena, a fin de evitar retrasos en las fechas de presentaciones planteadas, para hacerlo, solicitamos un pr\u00e9stamo, que pagar\u00edamos con el recurso solicitado, que ya est\u00e1 autorizado\u201d.<\/p>\n\n\n\n<p>Ante la falta de noticias sobre el apoyo, el 30 de abril, se envi\u00f3 una carta al gobernador del Estado Ing.\u00a0Manolo Jim\u00e9nez Salinas, desde donde se gir\u00f3, el 3 de mayo, un oficio a la secretar\u00eda de finanzas, que posteriormente, fue enviado al \u00e1rea de egresos y de ah\u00ed a la oficina de gasto p\u00fablico.\u00a0<\/p>\n\n\n\n<p>\u201cDesde hace semanas, v\u00eda telef\u00f3nica desde esta \u00e1rea, solo responden que no tienen ninguna instrucci\u00f3n respecto al caso\u201d, expres\u00f3 el director esc\u00e9nico.<\/p>\n\n\n\n<p>En entrevista, Hugo Dena explic\u00f3 que se solicit\u00f3 un apoyo parcial para la producci\u00f3n y que el adeudo de este convenio es 37 mil 660 pesos. La compa\u00f1\u00eda contribuir\u00eda con una retribuci\u00f3n social, que consist\u00eda en una funci\u00f3n libre de honorarios.<\/p>\n\n\n\n<p>\u201cNosotros aportamos los costos de pre producci\u00f3n, dise\u00f1o de escenograf\u00eda, iba a ser una co producci\u00f3n con el dinero que aportar\u00eda la Secretar\u00eda Cultura, con ese se cubrir\u00eda 40 o 45% del costo total de la obra\u201d, a\u00f1adi\u00f3.<\/p>\n\n\n\n<p><em><strong>\u00bfC\u00f3mo les ha afectado la demora en la entrega del apoyo?<\/strong><\/em><\/p>\n\n\n\n<blockquote class=\"wp-block-quote is-layout-flow wp-block-quote-is-layout-flow\">\n<p>\u201cEn vista de que el apoyo no lleg\u00f3 nosotros como compa\u00f1\u00eda acordamos pedir un pr\u00e9stamo a una instituci\u00f3n financiera, esper\u00e1bamos pagar en un mes, el apoyo no lleg\u00f3, la obra se estren\u00f3 y se presentaron las funciones programadas. Las repercusiones es que estamos pagando intereses, recargos y multas por atraso, de nuestro bolsillo, ha repercutido en nuestra salud financiera, no solo es el adeudo con la instituci\u00f3n financiera, sino con colaboradores que les hemos tenido que ir pagando de poquito en poquito, otros han aguantado junto con nosotros. Pero ya es insostenible\u201d.&nbsp;<\/p>\n<cite>Hugo Dena.<\/cite><\/blockquote>\n\n\n\n<p>El director coment\u00f3 que todas las instituciones culturales tienen un rubro de apoyo a los artistas, se puede acceder a esos recursos, \u201cdebemos recordar que una de las obligaciones de los gobiernos es facilitar el acceso a la cultura de todos los ciudadanos, en el Plan Estatal de Desarrollo se encuentra el brindar acceso a recursos para creadores y artistas\u201d.<\/p>\n\n\n\n<p>Hugo Dena reafirm\u00f3 que \u201cestamos en absoluta disposici\u00f3n de continuar con el convenio si ellos nos otorgan el apoyo que se acord\u00f3\u201d.<\/p>\n","protected":false},"excerpt":{"rendered":"<p>El pasado 5 de enero, Hugo Dena, creador esc\u00e9nico y director de la compa\u00f1\u00eda Desierto Teatro hizo una solicitud de apoyo econ\u00f3mico a la\u00a0Secretar\u00eda de Cultura de Coahuila, para complementar &hellip; <a href=\"https:\/\/lavereda.com.mx\/index.php\/2024\/07\/09\/secretaria-de-cultura-adeuda-apoyo-a-la-compania-desierto-teatro\/\" class=\"more-link\">Leer m\u00e1s<\/a><\/p>\n","protected":false},"author":9,"featured_media":6131,"comment_status":"open","ping_status":"open","sticky":false,"template":"","format":"standard","meta":{"footnotes":""},"categories":[2,18],"tags":[36],"class_list":["post-6130","post","type-post","status-publish","format-standard","has-post-thumbnail","hentry","category-artes-escenicas","category-lomasrelevante","tag-teatro","entry"],"_links":{"self":[{"href":"https:\/\/lavereda.com.mx\/index.php\/wp-json\/wp\/v2\/posts\/6130","targetHints":{"allow":["GET"]}}],"collection":[{"href":"https:\/\/lavereda.com.mx\/index.php\/wp-json\/wp\/v2\/posts"}],"about":[{"href":"https:\/\/lavereda.com.mx\/index.php\/wp-json\/wp\/v2\/types\/post"}],"author":[{"embeddable":true,"href":"https:\/\/lavereda.com.mx\/index.php\/wp-json\/wp\/v2\/users\/9"}],"replies":[{"embeddable":true,"href":"https:\/\/lavereda.com.mx\/index.php\/wp-json\/wp\/v2\/comments?post=6130"}],"version-history":[{"count":1,"href":"https:\/\/lavereda.com.mx\/index.php\/wp-json\/wp\/v2\/posts\/6130\/revisions"}],"predecessor-version":[{"id":6132,"href":"https:\/\/lavereda.com.mx\/index.php\/wp-json\/wp\/v2\/posts\/6130\/revisions\/6132"}],"wp:featuredmedia":[{"embeddable":true,"href":"https:\/\/lavereda.com.mx\/index.php\/wp-json\/wp\/v2\/media\/6131"}],"wp:attachment":[{"href":"https:\/\/lavereda.com.mx\/index.php\/wp-json\/wp\/v2\/media?parent=6130"}],"wp:term":[{"taxonomy":"category","embeddable":true,"href":"https:\/\/lavereda.com.mx\/index.php\/wp-json\/wp\/v2\/categories?post=6130"},{"taxonomy":"post_tag","embeddable":true,"href":"https:\/\/lavereda.com.mx\/index.php\/wp-json\/wp\/v2\/tags?post=6130"}],"curies":[{"name":"wp","href":"https:\/\/api.w.org\/{rel}","templated":true}]}}