{"id":6125,"date":"2024-07-09T00:01:02","date_gmt":"2024-07-09T00:01:02","guid":{"rendered":"http:\/\/lavereda.com.mx\/?p=6125"},"modified":"2024-07-09T00:16:00","modified_gmt":"2024-07-09T00:16:00","slug":"a-la-hora-del-cafe-12","status":"publish","type":"post","link":"https:\/\/lavereda.com.mx\/index.php\/2024\/07\/09\/a-la-hora-del-cafe-12\/","title":{"rendered":"A la hora del caf\u00e9"},"content":{"rendered":"\n<h3 class=\"wp-block-heading\">Siempre podremos volver al mar<\/h3>\n\n\n\n<p>Y de pronto, un d\u00eda de un verano que promet\u00eda ser un torbellino de cambios clim\u00e1ticos, est\u00e1s en la playa y luego en el mar. Juegas en las olas con tu hijo adolescente y de repente piensas: la vida no puede ser tan mala, porque el mar se lleva los malos pensamientos, la pesadumbre que cargas en la espalda todos los d\u00edas, la incertidumbre econ\u00f3mica y la angustia de no saber si est\u00e1s haciendo lo correcto con tu vida.<\/p>\n\n\n\n<p>En el mar salud\u00e9 a Alfonsina Storni, a Virginia Woolf. Tambi\u00e9n salud\u00e9 a mi amiga escritora Tere Mu\u00f1oz, pens\u00e9 que su esencia viajaba por las olas espumosas en el mar. Salud\u00e9 otros mares, el mediterr\u00e1neo, el caribe, el atl\u00e1ntico. Me salud\u00e9 a m\u00ed misma en una playa de Barcelona a los 25 a\u00f1os, cuando una amiga mir\u00f3 a un perro Golden a lo lejos y dijo: es un perro po\u00e9tico.<\/p>\n\n\n\n<p>Salud\u00e9 a mi ni\u00f1a interior, que tambi\u00e9n hizo castillos de arena y que una vez se llen\u00f3 los o\u00eddos de tanta agua que su madre tuvo que llevarla al m\u00e9dico para hacerle un lavado y pudiera volver a escuchar bien y volver a nadar. Salud\u00e9 a mis hermanos, que un d\u00eda fueron unidos en la playa. Salud\u00e9 a mi padre cuando de joven me contaron que por poco se ahoga en el mar al nadar muy adentro.<\/p>\n\n\n\n<p>Salud\u00e9 a las aves, quiz\u00e1s albatros, que miraban el mar desde las alturas con cierta arrogancia, con esa libertad que nosotros nunca alcanzaremos. Salud\u00e9 a los atardeceres, record\u00e9 a esas playas de mar abierto donde solo puedes observar la inmensidad del agua y tenerle mucho respeto, porque tambi\u00e9n, el mar puede matar.<\/p>\n\n\n\n<p>Pero el mar es vida, es renacer, recordar. Si est\u00e1s muy adentro, como intentando hacer una travesura con las olas, te dar\u00e1s cuenta que no hay basura, ni tanto ruido como en la playa, que ha dejado de ser un lugar tranquilo y sustentable. Puedes pedirle permiso a las olas de quedarte un ratito m\u00e1s, mientras todo afuera es un caos.<\/p>\n\n\n\n<p>Tambi\u00e9n record\u00e9 al cantautor catal\u00e1n:&nbsp;\u201cquiz\u00e1s porque mi ni\u00f1ez sigue jugando en tu playa \/&nbsp;escondido tras las ca\u00f1as duerme mi primer amor&nbsp;\/ llevo tu luz y tu olor por donde quiera que vaya\u2026\u201d<\/p>\n\n\n\n<p>Despu\u00e9s viene el asfalto de la carretera, la lluvia en el camino, los bosques de pinos que van antecediendo a la tierra roja y al desierto. La l\u00ednea blanca que te va separando cada vez m\u00e1s del lejano mar. El entorno y el clima que marcan nuestro estado de \u00e1nimo, el viento seco, el calor, las obligaciones y las cuentas por pagar nos esperan a la vuelta del camino.<\/p>\n\n\n\n<p>Pero siempre, podremos volver al mar.<\/p>\n\n\n\n<p><em>Foto: Silvestre J\u00e1quez.<\/em><\/p>\n\n\n\n<p><em>Twitter: @Lavargasadri<\/em><\/p>\n","protected":false},"excerpt":{"rendered":"<p>Siempre podremos volver al mar Y de pronto, un d\u00eda de un verano que promet\u00eda ser un torbellino de cambios clim\u00e1ticos, est\u00e1s en la playa y luego en el mar. &hellip; <a href=\"https:\/\/lavereda.com.mx\/index.php\/2024\/07\/09\/a-la-hora-del-cafe-12\/\" class=\"more-link\">Leer m\u00e1s<\/a><\/p>\n","protected":false},"author":9,"featured_media":6126,"comment_status":"open","ping_status":"open","sticky":false,"template":"","format":"standard","meta":{"footnotes":""},"categories":[18,9],"tags":[153,152,148],"class_list":["post-6125","post","type-post","status-publish","format-standard","has-post-thumbnail","hentry","category-lomasrelevante","category-opinion","tag-mar","tag-playa","tag-vacaciones","entry"],"_links":{"self":[{"href":"https:\/\/lavereda.com.mx\/index.php\/wp-json\/wp\/v2\/posts\/6125","targetHints":{"allow":["GET"]}}],"collection":[{"href":"https:\/\/lavereda.com.mx\/index.php\/wp-json\/wp\/v2\/posts"}],"about":[{"href":"https:\/\/lavereda.com.mx\/index.php\/wp-json\/wp\/v2\/types\/post"}],"author":[{"embeddable":true,"href":"https:\/\/lavereda.com.mx\/index.php\/wp-json\/wp\/v2\/users\/9"}],"replies":[{"embeddable":true,"href":"https:\/\/lavereda.com.mx\/index.php\/wp-json\/wp\/v2\/comments?post=6125"}],"version-history":[{"count":3,"href":"https:\/\/lavereda.com.mx\/index.php\/wp-json\/wp\/v2\/posts\/6125\/revisions"}],"predecessor-version":[{"id":6129,"href":"https:\/\/lavereda.com.mx\/index.php\/wp-json\/wp\/v2\/posts\/6125\/revisions\/6129"}],"wp:featuredmedia":[{"embeddable":true,"href":"https:\/\/lavereda.com.mx\/index.php\/wp-json\/wp\/v2\/media\/6126"}],"wp:attachment":[{"href":"https:\/\/lavereda.com.mx\/index.php\/wp-json\/wp\/v2\/media?parent=6125"}],"wp:term":[{"taxonomy":"category","embeddable":true,"href":"https:\/\/lavereda.com.mx\/index.php\/wp-json\/wp\/v2\/categories?post=6125"},{"taxonomy":"post_tag","embeddable":true,"href":"https:\/\/lavereda.com.mx\/index.php\/wp-json\/wp\/v2\/tags?post=6125"}],"curies":[{"name":"wp","href":"https:\/\/api.w.org\/{rel}","templated":true}]}}