{"id":6122,"date":"2024-07-08T18:02:03","date_gmt":"2024-07-08T18:02:03","guid":{"rendered":"http:\/\/lavereda.com.mx\/?p=6122"},"modified":"2024-07-08T18:02:04","modified_gmt":"2024-07-08T18:02:04","slug":"revelan-el-cartel-del-52-festival-internacional-cervantino","status":"publish","type":"post","link":"https:\/\/lavereda.com.mx\/index.php\/2024\/07\/08\/revelan-el-cartel-del-52-festival-internacional-cervantino\/","title":{"rendered":"Revelan el cartel del 52 Festival Internacional Cervantino"},"content":{"rendered":"\n<p>El Festival Internacional Cervantino (FIC) anunci\u00f3 el cartel oficial para su edici\u00f3n 52, el cual celebra la riqueza cultural y la diversidad art\u00edstica de sus invitados de honor: Brasil y Oaxaca. Esta obra, creada por la estudiante de la Licenciatura en Dise\u00f1o gr\u00e1fico por la Universidad de Guanajuato Jazm\u00edn Bedolla Garc\u00eda, captura la esencia de ambas regiones, simbolizando la uni\u00f3n y el intercambio cultural.<\/p>\n\n\n\n<p>La imagen del cartel est\u00e1 inspirada en dos tradiciones emblem\u00e1ticas: los Tiliches de Putla Villa de Guerrero, de la regi\u00f3n Sierra Sur de Oaxaca, y el<em>Bumba-Meu-Boi<\/em>&nbsp;(Golpea a mi buey) de la regi\u00f3n de Maranh\u00e3o, Brasil.<\/p>\n\n\n\n<p>Los Tiliches representan a la clase trabajadora con prendas rasgadas, una m\u00e1scara de trapo o cart\u00f3n y un sombrero que normalmente es de paja. Por otra parte, el&nbsp;<em>Bumba-Meu-Boi<\/em>&nbsp;est\u00e1 compuesto por tres elementos: el ciclo vital, el universo m\u00edstico y lo religioso; todo ello representado en un colorido buey que alude a la existencia humana, desde el nacimiento hasta la muerte.<\/p>\n\n\n\n<p>Al respecto, la directora del Festival Internacional Cervantino y Circuitos Culturales, Mariana Aymerich Ord\u00f3\u00f1ez, afirm\u00f3: \u00abLa imagen de Jazm\u00edn plasma en colores las tradiciones de Oaxaca y Brasil, y adem\u00e1s estudi\u00f3 a profundidad las culturas lo que permiti\u00f3 reflejar muy bien a los invitados de honor\u201d.&nbsp;<\/p>\n\n\n\n<p>Por su parte, la rectora General de la Universidad de Guanajuato, Claudia Susana G\u00f3mez L\u00f3pez, mencion\u00f3: \u201cLa imagen ganadora, que es original, vino de la documentaci\u00f3n, la historia, del saber tanto del estado como del pa\u00eds invitado, los cuales tienen gran tradici\u00f3n art\u00edstica, gastron\u00f3mica y cultural\u201d<\/p>\n\n\n\n<p>Jazm\u00edn Bedolla Garc\u00eda, quien se hizo acreedora a un reconocimiento econ\u00f3mico de 30 mil pesos, logr\u00f3 combinar estas dos tradiciones en una composici\u00f3n visual que invita a la celebraci\u00f3n y al descubrimiento. Su obra no solo es un tributo a la herencia cultural de Oaxaca y Brasil, sino tambi\u00e9n una representaci\u00f3n del esp\u00edritu del Festival Internacional Cervantino que favorece el di\u00e1logo y el entendimiento entre diferentes culturas a trav\u00e9s del arte. <\/p>\n\n\n\n<p>\u201cEs un honor poder representar la imagen de esta edici\u00f3n del Cervantino, me pone muy feliz. Se hizo con mucho cari\u00f1o y quise que ambos invitados estuvieran presentes, unidos y representado esta alegr\u00eda y esta festividad que es de lo que trata el Festival; celebrar esa energ\u00eda de cultura y diversidad\u201d, afirm\u00f3 la estudiante de la Universidad de Guanajuato.<\/p>\n\n\n\n<p>La edici\u00f3n 52 del Festival Internacional Cervantino, que se llevar\u00e1 a cabo del 11 al 27 de octubre de 2024, tendr\u00e1 una programaci\u00f3n diversa que incluye m\u00fasica, danza, teatro, artes visuales y m\u00e1s. Con la participaci\u00f3n de destacados artistas y grupos de Brasil, Oaxaca y otras partes del mundo.<\/p>\n","protected":false},"excerpt":{"rendered":"<p>El Festival Internacional Cervantino (FIC) anunci\u00f3 el cartel oficial para su edici\u00f3n 52, el cual celebra la riqueza cultural y la diversidad art\u00edstica de sus invitados de honor: Brasil y &hellip; <a href=\"https:\/\/lavereda.com.mx\/index.php\/2024\/07\/08\/revelan-el-cartel-del-52-festival-internacional-cervantino\/\" class=\"more-link\">Leer m\u00e1s<\/a><\/p>\n","protected":false},"author":1,"featured_media":6123,"comment_status":"open","ping_status":"open","sticky":false,"template":"","format":"standard","meta":{"footnotes":""},"categories":[2,3,18],"tags":[110,151],"class_list":["post-6122","post","type-post","status-publish","format-standard","has-post-thumbnail","hentry","category-artes-escenicas","category-artes-visuales","category-lomasrelevante","tag-cervantino","tag-fic","entry"],"_links":{"self":[{"href":"https:\/\/lavereda.com.mx\/index.php\/wp-json\/wp\/v2\/posts\/6122","targetHints":{"allow":["GET"]}}],"collection":[{"href":"https:\/\/lavereda.com.mx\/index.php\/wp-json\/wp\/v2\/posts"}],"about":[{"href":"https:\/\/lavereda.com.mx\/index.php\/wp-json\/wp\/v2\/types\/post"}],"author":[{"embeddable":true,"href":"https:\/\/lavereda.com.mx\/index.php\/wp-json\/wp\/v2\/users\/1"}],"replies":[{"embeddable":true,"href":"https:\/\/lavereda.com.mx\/index.php\/wp-json\/wp\/v2\/comments?post=6122"}],"version-history":[{"count":1,"href":"https:\/\/lavereda.com.mx\/index.php\/wp-json\/wp\/v2\/posts\/6122\/revisions"}],"predecessor-version":[{"id":6124,"href":"https:\/\/lavereda.com.mx\/index.php\/wp-json\/wp\/v2\/posts\/6122\/revisions\/6124"}],"wp:featuredmedia":[{"embeddable":true,"href":"https:\/\/lavereda.com.mx\/index.php\/wp-json\/wp\/v2\/media\/6123"}],"wp:attachment":[{"href":"https:\/\/lavereda.com.mx\/index.php\/wp-json\/wp\/v2\/media?parent=6122"}],"wp:term":[{"taxonomy":"category","embeddable":true,"href":"https:\/\/lavereda.com.mx\/index.php\/wp-json\/wp\/v2\/categories?post=6122"},{"taxonomy":"post_tag","embeddable":true,"href":"https:\/\/lavereda.com.mx\/index.php\/wp-json\/wp\/v2\/tags?post=6122"}],"curies":[{"name":"wp","href":"https:\/\/api.w.org\/{rel}","templated":true}]}}