{"id":611,"date":"2020-09-17T15:31:03","date_gmt":"2020-09-17T15:31:03","guid":{"rendered":"http:\/\/lavereda.com.mx\/?p=611"},"modified":"2020-09-17T15:31:05","modified_gmt":"2020-09-17T15:31:05","slug":"sinfonica-juvenil-de-torreon-celebra-el-mes-patrio","status":"publish","type":"post","link":"https:\/\/lavereda.com.mx\/index.php\/2020\/09\/17\/sinfonica-juvenil-de-torreon-celebra-el-mes-patrio\/","title":{"rendered":"Sinf\u00f3nica Juvenil de Torre\u00f3n celebra el mes patrio"},"content":{"rendered":"\n<p>La m\u00fasica en vivo de nuestras orquestas seguir\u00e1 en un formato virtual. Este mes la Sinf\u00f3nica Juvenil de Torre\u00f3n y el Coro del Instituto de M\u00fasica de Coahuila, presentar\u00e1n dos conciertos virtuales con motivo de la celebraci\u00f3n de las fiestas patrias.<\/p>\n\n\n\n<p>Los conciertos contar\u00e1n con ensambles instrumentales y corales, en los que se interpretar\u00e1n diversas piezas del repertorio cl\u00e1sico nacional y m\u00fasica popular.<\/p>\n\n\n\n<p>Las presentaciones ser\u00e1n los d\u00edas s\u00e1bado 19 y 26 de septiembre de 2020 a las 20:00 horas, desde la p\u00e1gina de Facebook de la Osijut.<\/p>\n\n\n\n<p>Ambos conciertos contar\u00e1n con la participaci\u00f3n del Director de la Osijut Ethan Eager, y de la directora del Coro INMUS Luz Alicia \u00c1vila.<\/p>\n\n\n\n<p>El programa del primer concierto incluye piezas como La Bikina, Alma m\u00eda, el Jarabe Tapat\u00edo, La Bamba, Viva M\u00e9xico, Estrellita, La bruja, La llorona, Cielito lindo, entre otras. <\/p>\n\n\n\n<p>Para el segundo programa, se incluye m\u00e1s repertorio mexicano, como el Danz\u00f3n no. 2 de Arturo M\u00e1rquez; que no pod\u00eda faltar en una celebraci\u00f3n musical nacional.<\/p>\n\n\n\n<p><\/p>\n\n\n\n<p><\/p>\n","protected":false},"excerpt":{"rendered":"<p>La m\u00fasica en vivo de nuestras orquestas seguir\u00e1 en un formato virtual. Este mes la Sinf\u00f3nica Juvenil de Torre\u00f3n y el Coro del Instituto de M\u00fasica de Coahuila, presentar\u00e1n dos &hellip; <a href=\"https:\/\/lavereda.com.mx\/index.php\/2020\/09\/17\/sinfonica-juvenil-de-torreon-celebra-el-mes-patrio\/\" class=\"more-link\">Leer m\u00e1s<\/a><\/p>\n","protected":false},"author":9,"featured_media":612,"comment_status":"open","ping_status":"open","sticky":false,"template":"","format":"standard","meta":{"footnotes":""},"categories":[18,4],"tags":[],"class_list":["post-611","post","type-post","status-publish","format-standard","has-post-thumbnail","hentry","category-lomasrelevante","category-musica","entry"],"_links":{"self":[{"href":"https:\/\/lavereda.com.mx\/index.php\/wp-json\/wp\/v2\/posts\/611","targetHints":{"allow":["GET"]}}],"collection":[{"href":"https:\/\/lavereda.com.mx\/index.php\/wp-json\/wp\/v2\/posts"}],"about":[{"href":"https:\/\/lavereda.com.mx\/index.php\/wp-json\/wp\/v2\/types\/post"}],"author":[{"embeddable":true,"href":"https:\/\/lavereda.com.mx\/index.php\/wp-json\/wp\/v2\/users\/9"}],"replies":[{"embeddable":true,"href":"https:\/\/lavereda.com.mx\/index.php\/wp-json\/wp\/v2\/comments?post=611"}],"version-history":[{"count":1,"href":"https:\/\/lavereda.com.mx\/index.php\/wp-json\/wp\/v2\/posts\/611\/revisions"}],"predecessor-version":[{"id":613,"href":"https:\/\/lavereda.com.mx\/index.php\/wp-json\/wp\/v2\/posts\/611\/revisions\/613"}],"wp:featuredmedia":[{"embeddable":true,"href":"https:\/\/lavereda.com.mx\/index.php\/wp-json\/wp\/v2\/media\/612"}],"wp:attachment":[{"href":"https:\/\/lavereda.com.mx\/index.php\/wp-json\/wp\/v2\/media?parent=611"}],"wp:term":[{"taxonomy":"category","embeddable":true,"href":"https:\/\/lavereda.com.mx\/index.php\/wp-json\/wp\/v2\/categories?post=611"},{"taxonomy":"post_tag","embeddable":true,"href":"https:\/\/lavereda.com.mx\/index.php\/wp-json\/wp\/v2\/tags?post=611"}],"curies":[{"name":"wp","href":"https:\/\/api.w.org\/{rel}","templated":true}]}}