{"id":6102,"date":"2024-06-27T01:41:11","date_gmt":"2024-06-27T01:41:11","guid":{"rendered":"http:\/\/lavereda.com.mx\/?p=6102"},"modified":"2024-06-27T01:46:51","modified_gmt":"2024-06-27T01:46:51","slug":"inician-talleres-de-verano-en-el-centro-de-artes-del-norte","status":"publish","type":"post","link":"https:\/\/lavereda.com.mx\/index.php\/2024\/06\/27\/inician-talleres-de-verano-en-el-centro-de-artes-del-norte\/","title":{"rendered":"Inician talleres de verano en el Centro de Artes del Norte"},"content":{"rendered":"\n<p>En los meses de julio y agosto el Centro de Artes del Norte (CAN) invita al p\u00fablico en general, estudiantes de arte y artistas a conocer m\u00e1s acerca del programa de talleres cortos e intensivos para este verano que se titula \u201c45\u00ba: Reinventar el calor\u201d.<\/p>\n\n\n\n<p>\u201cEs el nombre de nuestra propuesta en la que encontrar\u00e1n: grabado, fotograf\u00eda, dibujo, performance, producci\u00f3n de audio, dise\u00f1o de portafolio, chismecito en el arte, collage, modelado en arcilla e incluso arte terapia\u201d, comentaron los organizadores.<\/p>\n\n\n\n<p>Entre los maestros que conforman este grupo de talleristas se encuentran Miguel Sifuentes, Patricia Hern\u00e1ndez, Jos\u00e9 Jimenez Ortiz, San Rebelle, Bibian Trinidad, Victor Cruz, Victor Manuel Guerrero, Susana Nava, Brenda Castro, Liliana Fischer y Alfredo Esparza.<\/p>\n\n\n\n<p>Adem\u00e1s, este verano en la Galer\u00eda del CAN, se exhibe la exposici\u00f3n \u00abNo hay lugar encontrado sin lugar perdido\u201d de la artista brasile\u00f1a Vanessa Freitag.<\/p>\n\n\n\n<p>Se trata una exposici\u00f3n de esculturas textiles que la artista presenta por primera vez en la ciudad y contar\u00e1 adem\u00e1s con peque\u00f1as esculturas hechas por las artistas participantes en su taller, que se llev\u00f3 a cabo en d\u00edas pasados.<\/p>\n\n\n\n<p>La exposici\u00f3n fue inaugurada el jueves 20 de junio y estar\u00e1 vigente durante 5 semanas. Los horarios de la galer\u00eda son de lunes a viernes de 10-13 h y de 17- 20h y los s\u00e1bados de 11- 14 h.<\/p>\n\n\n\n<p>Para mayor informaci\u00f3n: www.facebook.com\/centrodeartesdelnorte IG: centro.de.artes.de.norte.<\/p>\n\n\n\n<p>El Centro de Artes del Norte es un espacio para la formaci\u00f3n y profesionalizaci\u00f3n en artes visuales de la mano de algunos de los mejores artistas de la regi\u00f3n.<\/p>\n\n\n\n<p>La escuela est\u00e1 ubicada en el Centro Hist\u00f3rico de Torre\u00f3n en una de las casonas m\u00e1s bellas de La Laguna, Casa La Morelos.<\/p>\n","protected":false},"excerpt":{"rendered":"<p>En los meses de julio y agosto el Centro de Artes del Norte (CAN) invita al p\u00fablico en general, estudiantes de arte y artistas a conocer m\u00e1s acerca del programa &hellip; <a href=\"https:\/\/lavereda.com.mx\/index.php\/2024\/06\/27\/inician-talleres-de-verano-en-el-centro-de-artes-del-norte\/\" class=\"more-link\">Leer m\u00e1s<\/a><\/p>\n","protected":false},"author":9,"featured_media":6103,"comment_status":"open","ping_status":"open","sticky":false,"template":"","format":"standard","meta":{"footnotes":""},"categories":[3],"tags":[62],"class_list":["post-6102","post","type-post","status-publish","format-standard","has-post-thumbnail","hentry","category-artes-visuales","tag-arte","entry"],"_links":{"self":[{"href":"https:\/\/lavereda.com.mx\/index.php\/wp-json\/wp\/v2\/posts\/6102","targetHints":{"allow":["GET"]}}],"collection":[{"href":"https:\/\/lavereda.com.mx\/index.php\/wp-json\/wp\/v2\/posts"}],"about":[{"href":"https:\/\/lavereda.com.mx\/index.php\/wp-json\/wp\/v2\/types\/post"}],"author":[{"embeddable":true,"href":"https:\/\/lavereda.com.mx\/index.php\/wp-json\/wp\/v2\/users\/9"}],"replies":[{"embeddable":true,"href":"https:\/\/lavereda.com.mx\/index.php\/wp-json\/wp\/v2\/comments?post=6102"}],"version-history":[{"count":2,"href":"https:\/\/lavereda.com.mx\/index.php\/wp-json\/wp\/v2\/posts\/6102\/revisions"}],"predecessor-version":[{"id":6105,"href":"https:\/\/lavereda.com.mx\/index.php\/wp-json\/wp\/v2\/posts\/6102\/revisions\/6105"}],"wp:featuredmedia":[{"embeddable":true,"href":"https:\/\/lavereda.com.mx\/index.php\/wp-json\/wp\/v2\/media\/6103"}],"wp:attachment":[{"href":"https:\/\/lavereda.com.mx\/index.php\/wp-json\/wp\/v2\/media?parent=6102"}],"wp:term":[{"taxonomy":"category","embeddable":true,"href":"https:\/\/lavereda.com.mx\/index.php\/wp-json\/wp\/v2\/categories?post=6102"},{"taxonomy":"post_tag","embeddable":true,"href":"https:\/\/lavereda.com.mx\/index.php\/wp-json\/wp\/v2\/tags?post=6102"}],"curies":[{"name":"wp","href":"https:\/\/api.w.org\/{rel}","templated":true}]}}