{"id":6097,"date":"2024-06-24T16:55:17","date_gmt":"2024-06-24T16:55:17","guid":{"rendered":"http:\/\/lavereda.com.mx\/?p=6097"},"modified":"2024-06-24T17:17:08","modified_gmt":"2024-06-24T17:17:08","slug":"a-la-hora-del-cafe-11","status":"publish","type":"post","link":"https:\/\/lavereda.com.mx\/index.php\/2024\/06\/24\/a-la-hora-del-cafe-11\/","title":{"rendered":"A la hora del caf\u00e9"},"content":{"rendered":"\n<h3 class=\"wp-block-heading\"><strong>El verano y la no procrastinaci\u00f3n<\/strong><\/h3>\n\n\n\n<p>\u00bfUstedes tambi\u00e9n sienten culpa de no ser altamente productivos cuando llegan tiempos de calma?&nbsp;<\/p>\n\n\n\n<p>El verano inici\u00f3 y trae consigo la proximidad de las vacaciones para miles de estudiantes y docentes. Trae un poco de calma para padres de familia, quienes pueden darse permiso de tener a hijos en casa, quienes no, tendr\u00e1n que buscar cursos de verano para mantenerlos ocupados y poder trabajar.<\/p>\n\n\n\n<p>A algunas personas nos baja un poquito la carga laboral, no por completo. Pero, \u00bfqu\u00e9 hacemos en los tiempos muertos? En mi caso, leer y escribir. Pero aun as\u00ed se llega a asomar la inquietud por no ser la misma persona productiva de siempre.&nbsp;<\/p>\n\n\n\n<p>\u00bfNos educaron as\u00ed? \u00bfQu\u00e9 nos llev\u00f3 a querer vivir en un tiempo tan vertiginoso? Una de las razones es la precariedad salarial. La Laguna es una de las zonas metropolitanas con menor salario promedio dentro de las regiones competitivas del pa\u00eds. Es mayor el salario en la regi\u00f3n sureste de Coahuila.<\/p>\n\n\n\n<p>La mayor\u00eda de los profesionistas que no trabajamos en el sector industrial, que es el \u00e1rea donde se encuentran los salarios m\u00e1s altos, tenemos que buscar trabajos alternos, tener dos o tres empleos para poder completar los gastos de un hogar, donde ambos padres de familia trabajan.<\/p>\n\n\n\n<p>Otra de las razones es que no podemos permitirnos vacaciones no pagadas, vacaciones forzosas en empleos por contrato temporal, no significa disfrutar el tiempo libre. Significa angustiarse porque no se completar\u00e1n los gastos.<\/p>\n\n\n\n<p>Pero m\u00e1s all\u00e1 del tema econ\u00f3mico, vivimos en un mundo donde la competencia se filtra en las redes sociales, no queremos quedarnos atr\u00e1s en muchos temas, nos obligamos a querer siempre producir algo, que no nos damos permiso de descansar, de gozar del ocio no solo los fines de semana.<\/p>\n\n\n\n<p>M\u00e9xico sigue siendo uno de los pa\u00edses con menos tiempo libre pagado. Aunque en este sexenio se logr\u00f3 aumentar las vacaciones a 12 d\u00edas en el primer a\u00f1o laboral, en pa\u00edses europeos se puede gozar de m\u00e1s de 20 d\u00edas y en ocasiones de 30 d\u00edas al a\u00f1o. Estamos avanzando, porque ya existe la iniciativa de trabajar 40 horas a la semana y no 48.<\/p>\n\n\n\n<p>En este panorama, deber\u00edamos de darnos permiso de disfrutar eso tan extra\u00f1o que es \u201cno hacer nada\u201d cuando exista la oportunidad, que ser\u00e1 muy pocas veces. No hacer nada, que implique hacer lo que no cuesta trabajo, que ojal\u00e1 no sea pasar horas en el celular. Disfrutar de un caf\u00e9, una lectura, una pl\u00e1tica, cocinar un postre o ver una pel\u00edcula sin la culpa de procrastinar todo el tiempo.<\/p>\n\n\n\n<p>Twitter @Lavargasadri<\/p>\n","protected":false},"excerpt":{"rendered":"<p>El verano y la no procrastinaci\u00f3n \u00bfUstedes tambi\u00e9n sienten culpa de no ser altamente productivos cuando llegan tiempos de calma?&nbsp; El verano inici\u00f3 y trae consigo la proximidad de las &hellip; <a href=\"https:\/\/lavereda.com.mx\/index.php\/2024\/06\/24\/a-la-hora-del-cafe-11\/\" class=\"more-link\">Leer m\u00e1s<\/a><\/p>\n","protected":false},"author":9,"featured_media":6098,"comment_status":"open","ping_status":"open","sticky":false,"template":"","format":"standard","meta":{"footnotes":""},"categories":[18,9],"tags":[149,150,148,147],"class_list":["post-6097","post","type-post","status-publish","format-standard","has-post-thumbnail","hentry","category-lomasrelevante","category-opinion","tag-ocio","tag-tiempo-libre","tag-vacaciones","tag-verano","entry"],"_links":{"self":[{"href":"https:\/\/lavereda.com.mx\/index.php\/wp-json\/wp\/v2\/posts\/6097","targetHints":{"allow":["GET"]}}],"collection":[{"href":"https:\/\/lavereda.com.mx\/index.php\/wp-json\/wp\/v2\/posts"}],"about":[{"href":"https:\/\/lavereda.com.mx\/index.php\/wp-json\/wp\/v2\/types\/post"}],"author":[{"embeddable":true,"href":"https:\/\/lavereda.com.mx\/index.php\/wp-json\/wp\/v2\/users\/9"}],"replies":[{"embeddable":true,"href":"https:\/\/lavereda.com.mx\/index.php\/wp-json\/wp\/v2\/comments?post=6097"}],"version-history":[{"count":2,"href":"https:\/\/lavereda.com.mx\/index.php\/wp-json\/wp\/v2\/posts\/6097\/revisions"}],"predecessor-version":[{"id":6101,"href":"https:\/\/lavereda.com.mx\/index.php\/wp-json\/wp\/v2\/posts\/6097\/revisions\/6101"}],"wp:featuredmedia":[{"embeddable":true,"href":"https:\/\/lavereda.com.mx\/index.php\/wp-json\/wp\/v2\/media\/6098"}],"wp:attachment":[{"href":"https:\/\/lavereda.com.mx\/index.php\/wp-json\/wp\/v2\/media?parent=6097"}],"wp:term":[{"taxonomy":"category","embeddable":true,"href":"https:\/\/lavereda.com.mx\/index.php\/wp-json\/wp\/v2\/categories?post=6097"},{"taxonomy":"post_tag","embeddable":true,"href":"https:\/\/lavereda.com.mx\/index.php\/wp-json\/wp\/v2\/tags?post=6097"}],"curies":[{"name":"wp","href":"https:\/\/api.w.org\/{rel}","templated":true}]}}