{"id":608,"date":"2020-09-16T16:04:57","date_gmt":"2020-09-16T16:04:57","guid":{"rendered":"http:\/\/lavereda.com.mx\/?p=608"},"modified":"2020-09-16T16:04:59","modified_gmt":"2020-09-16T16:04:59","slug":"el-pianista-ricardo-acosta-interpretara-a-beethoven-en-festival-de-suiza","status":"publish","type":"post","link":"https:\/\/lavereda.com.mx\/index.php\/2020\/09\/16\/el-pianista-ricardo-acosta-interpretara-a-beethoven-en-festival-de-suiza\/","title":{"rendered":"El pianista Ricardo Acosta interpretar\u00e1 a Beethoven en festival de Suiza"},"content":{"rendered":"\n<p>Este 27 de septiembre, en punto de las 5 de la tarde, el pianista mexicano Ricardo Acosta ofrecer\u00e1 un recital en el Festival de M\u00fasica Musiksommer am Z\u00fcrichsee (Veranos de M\u00fasica en el lago Z\u00farich) que se realiza en Suiza. <\/p>\n\n\n\n<p>Para conformar su programa, Acosta eligi\u00f3 tres \u00faltimas sonatas de Ludwig van Beethoven, catalogadas con los n\u00fameros de Opus 109, 110 y 11, por ser consideradas como la cima del genio de Bonn en el g\u00e9nero Sonata.\u00a0\u00a0<\/p>\n\n\n\n<p>Con este recital, \u00edntegramente dedicado a su compositor favorito, Acosta se une al sentimiento festivo que, pese a la crisis sanitaria que azota al mundo, celebra el 250 aniversario del natalicio de Beethoven que se conmemora este 2020.\u00a0<\/p>\n\n\n\n<p>Reconocido tanto en M\u00e9xico, su pa\u00eds natal, como en Europa, donde actualmente reside, Ricardo Acosta es egresado de la Eastman School of Music en Composici\u00f3n y Piano. Sus m\u00e9ritos acad\u00e9micos m\u00e1s recientes incluyen estudios de Piano, Pedagog\u00eda y Direcci\u00f3n orquestal en la Escuela de Artes de Berna.\u00a0Como pianista, Acosta se ha presentado exitosamente de solista de m\u00faltiples orquestas y ofreciendo recitales en la edici\u00f3n 2018 del Festival Internacional de Piano \u201cEn Blanco &amp; Negro\u201d que se realiza en el Centro Nacional de las Artes de la Ciudad de M\u00e9xico, as\u00ed como en otras ciudades de Rusia, la Rep\u00fablica Checa, Estados Unidos, Tailandia, Suiza y Francia, pa\u00eds en el que fue uno de los ganadores laureados en la edici\u00f3n 2019 del Concours International a Mayenne.<\/p>\n","protected":false},"excerpt":{"rendered":"<p>Este 27 de septiembre, en punto de las 5 de la tarde, el pianista mexicano Ricardo Acosta ofrecer\u00e1 un recital<\/p>\n","protected":false},"author":1,"featured_media":609,"comment_status":"open","ping_status":"open","sticky":false,"template":"","format":"standard","meta":{"footnotes":""},"categories":[18,4],"tags":[],"class_list":["post-608","post","type-post","status-publish","format-standard","has-post-thumbnail","hentry","category-lomasrelevante","category-musica","entry"],"_links":{"self":[{"href":"https:\/\/lavereda.com.mx\/index.php\/wp-json\/wp\/v2\/posts\/608","targetHints":{"allow":["GET"]}}],"collection":[{"href":"https:\/\/lavereda.com.mx\/index.php\/wp-json\/wp\/v2\/posts"}],"about":[{"href":"https:\/\/lavereda.com.mx\/index.php\/wp-json\/wp\/v2\/types\/post"}],"author":[{"embeddable":true,"href":"https:\/\/lavereda.com.mx\/index.php\/wp-json\/wp\/v2\/users\/1"}],"replies":[{"embeddable":true,"href":"https:\/\/lavereda.com.mx\/index.php\/wp-json\/wp\/v2\/comments?post=608"}],"version-history":[{"count":1,"href":"https:\/\/lavereda.com.mx\/index.php\/wp-json\/wp\/v2\/posts\/608\/revisions"}],"predecessor-version":[{"id":610,"href":"https:\/\/lavereda.com.mx\/index.php\/wp-json\/wp\/v2\/posts\/608\/revisions\/610"}],"wp:featuredmedia":[{"embeddable":true,"href":"https:\/\/lavereda.com.mx\/index.php\/wp-json\/wp\/v2\/media\/609"}],"wp:attachment":[{"href":"https:\/\/lavereda.com.mx\/index.php\/wp-json\/wp\/v2\/media?parent=608"}],"wp:term":[{"taxonomy":"category","embeddable":true,"href":"https:\/\/lavereda.com.mx\/index.php\/wp-json\/wp\/v2\/categories?post=608"},{"taxonomy":"post_tag","embeddable":true,"href":"https:\/\/lavereda.com.mx\/index.php\/wp-json\/wp\/v2\/tags?post=608"}],"curies":[{"name":"wp","href":"https:\/\/api.w.org\/{rel}","templated":true}]}}