{"id":6078,"date":"2024-06-14T00:55:16","date_gmt":"2024-06-14T00:55:16","guid":{"rendered":"http:\/\/lavereda.com.mx\/?p=6078"},"modified":"2024-06-14T00:55:16","modified_gmt":"2024-06-14T00:55:16","slug":"torreon-se-llenara-de-musica-en-el-make-music-day","status":"publish","type":"post","link":"https:\/\/lavereda.com.mx\/index.php\/2024\/06\/14\/torreon-se-llenara-de-musica-en-el-make-music-day\/","title":{"rendered":"Torre\u00f3n se llenar\u00e1 de m\u00fasica en el Make Music Day"},"content":{"rendered":"\n<p>El pr\u00f3ximo 21 de junio Torre\u00f3n se sumar\u00e1 de nueva cuenta al \u201cMake Music Day\u201d, una celebraci\u00f3n que tiene sus or\u00edgenes en la Fiesta de la M\u00fasica en Francia en 1982, cuando se so\u00f1\u00f3 en organizar un d\u00eda nacional de la m\u00fasica.<\/p>\n\n\n\n<p>Con Francia como ejemplo, se cre\u00f3 la organizaci\u00f3n de Make Music Day para promover la festividad a nivel mundial, en el 2023 participaron m\u00e1s de 15 pa\u00edses y arriba de 1,000 ciudades.<\/p>\n\n\n\n<p>Este 21 de junio se llevar\u00e1 a cabo la tercera edici\u00f3n de Make Music Day en M\u00e9xico y tiene como objetivo promover la m\u00fasica en toda su diversidad a trav\u00e9s de eventos gratuitos y abiertos al p\u00fablico. Tiene presencia en 41 ciudades de 24 estados.<\/p>\n\n\n\n<p>En Torre\u00f3n se presentar\u00e1n diversas agrupaciones musicales de distintos g\u00e9neros en siete sedes principales, bajo la coordinaci\u00f3n del Municipio de Torre\u00f3n y Grupo Gonher.<\/p>\n\n\n\n<p>Adem\u00e1s, se unir\u00e1n como sedes cinco casonas tradicionales en la regi\u00f3n, donde se sumar\u00e1 m\u00e1s talento lagunero: Casa Allende, Casa Donato, Casa La Morelos, Casa Ju\u00e1rez y Casa Del Centro<\/p>\n\n\n\n<p>PROGRAMA SEDES PRINCIPALES:<\/p>\n\n\n\n<ul class=\"wp-block-list\">\n<li><strong>Plaza Mayor:<\/strong>\n<ul class=\"wp-block-list\">\n<li>Horario: 7:00pm a 12:00am<\/li>\n\n\n\n<li>Aristas: Mi Barrio Colombiano, Liberatto, Cadereira y Rafa y los T\u00f3xicos<\/li>\n<\/ul>\n<\/li>\n\n\n\n<li><strong>Terraza Arocena \u201cDJ Sets\u201d<\/strong>\n<ul class=\"wp-block-list\">\n<li>Horario: 8:00pm a 2:00am<\/li>\n\n\n\n<li>Aristas: Brolorizo, Oso Humphrey, Nando, Maister y Fajer<\/li>\n<\/ul>\n<\/li>\n\n\n\n<li><strong>Foro Gonher Music Center (en la Morelos entre Calzada Colon y Javier Mina)<\/strong>\n<ul class=\"wp-block-list\">\n<li>Horario: 8:00pm a 12:30am<\/li>\n\n\n\n<li>Artistas: Kalimbe, Maria Nastenka, Alegato, Grandma\u2019s Gift, Violeta, Smonkis y Kris Eme<\/li>\n<\/ul>\n<\/li>\n\n\n\n<li><strong>Museo Arocena<\/strong>\n<ul class=\"wp-block-list\">\n<li>Horario: 6:00pm a 8:00pm<\/li>\n<\/ul>\n<\/li>\n\n\n\n<li><strong>Plaza de Armas<\/strong>\n<ul class=\"wp-block-list\">\n<li>Horario: 6:00pm a 12:00am<\/li>\n\n\n\n<li>M\u00fasica Popular Mexicana<\/li>\n<\/ul>\n<\/li>\n\n\n\n<li><strong>Bosque Urbano<\/strong>\n<ul class=\"wp-block-list\">\n<li>Horario: 6:00pm a 7:00pm<\/li>\n\n\n\n<li>Banda Municipal, Concierto Rock-Pop<\/li>\n<\/ul>\n<\/li>\n\n\n\n<li><strong>Museo Casa del Cerro<\/strong>\n<ul class=\"wp-block-list\">\n<li>Horario: 8:00pm a 9:30pm<\/li>\n\n\n\n<li>Orquesta Sinf\u00f3nica Juvenil de Torre\u00f3n<\/li>\n<\/ul>\n<\/li>\n<\/ul>\n","protected":false},"excerpt":{"rendered":"<p>El pr\u00f3ximo 21 de junio Torre\u00f3n se sumar\u00e1 de nueva cuenta al \u201cMake Music Day\u201d, una celebraci\u00f3n que tiene sus or\u00edgenes en la Fiesta de la M\u00fasica en Francia en &hellip; <a href=\"https:\/\/lavereda.com.mx\/index.php\/2024\/06\/14\/torreon-se-llenara-de-musica-en-el-make-music-day\/\" class=\"more-link\">Leer m\u00e1s<\/a><\/p>\n","protected":false},"author":9,"featured_media":6079,"comment_status":"open","ping_status":"open","sticky":false,"template":"","format":"standard","meta":{"footnotes":""},"categories":[18,4],"tags":[141,33],"class_list":["post-6078","post","type-post","status-publish","format-standard","has-post-thumbnail","hentry","category-lomasrelevante","category-musica","tag-make-music-day","tag-torreon-2","entry"],"_links":{"self":[{"href":"https:\/\/lavereda.com.mx\/index.php\/wp-json\/wp\/v2\/posts\/6078","targetHints":{"allow":["GET"]}}],"collection":[{"href":"https:\/\/lavereda.com.mx\/index.php\/wp-json\/wp\/v2\/posts"}],"about":[{"href":"https:\/\/lavereda.com.mx\/index.php\/wp-json\/wp\/v2\/types\/post"}],"author":[{"embeddable":true,"href":"https:\/\/lavereda.com.mx\/index.php\/wp-json\/wp\/v2\/users\/9"}],"replies":[{"embeddable":true,"href":"https:\/\/lavereda.com.mx\/index.php\/wp-json\/wp\/v2\/comments?post=6078"}],"version-history":[{"count":1,"href":"https:\/\/lavereda.com.mx\/index.php\/wp-json\/wp\/v2\/posts\/6078\/revisions"}],"predecessor-version":[{"id":6080,"href":"https:\/\/lavereda.com.mx\/index.php\/wp-json\/wp\/v2\/posts\/6078\/revisions\/6080"}],"wp:featuredmedia":[{"embeddable":true,"href":"https:\/\/lavereda.com.mx\/index.php\/wp-json\/wp\/v2\/media\/6079"}],"wp:attachment":[{"href":"https:\/\/lavereda.com.mx\/index.php\/wp-json\/wp\/v2\/media?parent=6078"}],"wp:term":[{"taxonomy":"category","embeddable":true,"href":"https:\/\/lavereda.com.mx\/index.php\/wp-json\/wp\/v2\/categories?post=6078"},{"taxonomy":"post_tag","embeddable":true,"href":"https:\/\/lavereda.com.mx\/index.php\/wp-json\/wp\/v2\/tags?post=6078"}],"curies":[{"name":"wp","href":"https:\/\/api.w.org\/{rel}","templated":true}]}}