{"id":6075,"date":"2024-06-11T16:18:45","date_gmt":"2024-06-11T16:18:45","guid":{"rendered":"http:\/\/lavereda.com.mx\/?p=6075"},"modified":"2024-06-11T16:18:46","modified_gmt":"2024-06-11T16:18:46","slug":"la-compania-de-danza-mezquite-presenta-42-grados-a-la-sombra","status":"publish","type":"post","link":"https:\/\/lavereda.com.mx\/index.php\/2024\/06\/11\/la-compania-de-danza-mezquite-presenta-42-grados-a-la-sombra\/","title":{"rendered":"La compa\u00f1\u00eda de danza Mezquite presenta: \u00ab42 grados a la sombra\u00bb"},"content":{"rendered":"\n<p><em>\u00ab42 grados cent\u00edgrados a la sombra\u00bb <\/em>es el nombre del programa que\u00a0Mezquite Danza Contempor\u00e1nea, presentar\u00e1 en el Teatro Isauro Mart\u00ednez el mi\u00e9rcoles 12 de junio a las 20:30 horas. Ser\u00e1 un programa con estrenos donde se podr\u00e1 apreciar la madurez art\u00edstica de sus integrantes.<\/p>\n\n\n\n<p>La compa\u00f1\u00eda inici\u00f3 actividades en 1996, \u00aben un verano caluroso como este, desde entonces, se dedica a crecer y multiplicar la danza contempor\u00e1nea.\u00a0Camina sin prisa tratando de entender los tiempos. Su po\u00e9tica art\u00edstica la define un\u00a0marcado humanismo alejado de apariencias superfluas, oropeles y pirotecnias que, con su falso brillo, opacan la inteligencia y la sensibilidad de quienes la hacen y la disfrutan\u00bb, manifest\u00f3 el director de la compa\u00f1\u00eda, Jaime Hinojosa.<\/p>\n\n\n\n<p>El programa lo estructuran tres coreograf\u00edas de Sara Ovalle que marcan el inicio de su madurez creativa:\u00a0\u201c<em>Sagital\u201d,<\/em>que bailan los alumnos de 3\u00b0 y 4\u00b0 a\u00f1o de la ESDACONT<strong>,\u00a0<\/strong>invitada a bailar en esta<strong><em>\u00a0<\/em><\/strong>funci\u00f3n,<em>\u00a0\u201cNardos para Rita\u201d,\u00a0<\/em>estreno que interpreta Berenice Ovalle, y\u00a0<strong><em>\u201c<\/em><\/strong><em>Aqueronte\u201d.<\/em>\u00a0\u00a0<em>\u201cSombras de\u00a0<\/em>Komorebi<em>\u201d,<\/em>\u00a0de Alam Sarmiento, danza anclada en la ret\u00f3rica Butho, qui\u00e9n, por su amplia y basta visi\u00f3n esc\u00e9nica, es invitado a montar esta segunda coreograf\u00eda con la compa\u00f1\u00eda. <\/p>\n\n\n\n<p>Adem\u00e1s se presentar\u00e1n\u00a0<em>\u201cDos sillas y un Magritte\u201d<\/em> y <em>\u201cFlotando en la noche\u201d<\/em><strong>,\u00a0<\/strong>danzas de corte expresionista de Jaime Hinojosa.<\/p>\n\n\n\n<p>\u00abEs un programa ecl\u00e9ctico con estreno de tres piezas que, en su carga human\u00edstica\u00a0transita por nuevos territorios y nuevas narrativas, por biograf\u00edas y reflexiones\u00bb, agreg\u00f3 el director.\u00a0<\/p>\n\n\n\n<p>La entrada es gratuita.<\/p>\n","protected":false},"excerpt":{"rendered":"<p>\u00ab42 grados cent\u00edgrados a la sombra\u00bb es el nombre del programa que\u00a0Mezquite Danza Contempor\u00e1nea, presentar\u00e1 en el Teatro Isauro Mart\u00ednez el mi\u00e9rcoles 12 de junio a las 20:30 horas. Ser\u00e1 &hellip; <a href=\"https:\/\/lavereda.com.mx\/index.php\/2024\/06\/11\/la-compania-de-danza-mezquite-presenta-42-grados-a-la-sombra\/\" class=\"more-link\">Leer m\u00e1s<\/a><\/p>\n","protected":false},"author":9,"featured_media":6076,"comment_status":"open","ping_status":"open","sticky":false,"template":"","format":"standard","meta":{"footnotes":""},"categories":[2,18],"tags":[140,101,30],"class_list":["post-6075","post","type-post","status-publish","format-standard","has-post-thumbnail","hentry","category-artes-escenicas","category-lomasrelevante","tag-danza-contemporanea","tag-teatro-isauro-martinez","tag-torreon","entry"],"_links":{"self":[{"href":"https:\/\/lavereda.com.mx\/index.php\/wp-json\/wp\/v2\/posts\/6075","targetHints":{"allow":["GET"]}}],"collection":[{"href":"https:\/\/lavereda.com.mx\/index.php\/wp-json\/wp\/v2\/posts"}],"about":[{"href":"https:\/\/lavereda.com.mx\/index.php\/wp-json\/wp\/v2\/types\/post"}],"author":[{"embeddable":true,"href":"https:\/\/lavereda.com.mx\/index.php\/wp-json\/wp\/v2\/users\/9"}],"replies":[{"embeddable":true,"href":"https:\/\/lavereda.com.mx\/index.php\/wp-json\/wp\/v2\/comments?post=6075"}],"version-history":[{"count":1,"href":"https:\/\/lavereda.com.mx\/index.php\/wp-json\/wp\/v2\/posts\/6075\/revisions"}],"predecessor-version":[{"id":6077,"href":"https:\/\/lavereda.com.mx\/index.php\/wp-json\/wp\/v2\/posts\/6075\/revisions\/6077"}],"wp:featuredmedia":[{"embeddable":true,"href":"https:\/\/lavereda.com.mx\/index.php\/wp-json\/wp\/v2\/media\/6076"}],"wp:attachment":[{"href":"https:\/\/lavereda.com.mx\/index.php\/wp-json\/wp\/v2\/media?parent=6075"}],"wp:term":[{"taxonomy":"category","embeddable":true,"href":"https:\/\/lavereda.com.mx\/index.php\/wp-json\/wp\/v2\/categories?post=6075"},{"taxonomy":"post_tag","embeddable":true,"href":"https:\/\/lavereda.com.mx\/index.php\/wp-json\/wp\/v2\/tags?post=6075"}],"curies":[{"name":"wp","href":"https:\/\/api.w.org\/{rel}","templated":true}]}}