{"id":6070,"date":"2024-06-09T23:45:17","date_gmt":"2024-06-09T23:45:17","guid":{"rendered":"http:\/\/lavereda.com.mx\/?p=6070"},"modified":"2024-06-09T23:46:43","modified_gmt":"2024-06-09T23:46:43","slug":"a-la-hora-del-cafe-10","status":"publish","type":"post","link":"https:\/\/lavereda.com.mx\/index.php\/2024\/06\/09\/a-la-hora-del-cafe-10\/","title":{"rendered":"A la hora del caf\u00e9"},"content":{"rendered":"\n<h3 class=\"wp-block-heading\"><strong>Menos mal que conoc\u00ed el ballet<\/strong><\/h3>\n\n\n\n<p>Siempre que paso por la academia de danza que est\u00e1 cerca de mi casa, me invade la a\u00f1oranza, sobre todo cuando se escuchan los adagios y el golpe de las zapatillas en la duela. Siempre quise volver al ballet.<\/p>\n\n\n\n<p>No fue una disciplina a la que llegu\u00e9 desde ni\u00f1a como muchas mujeres. Al ballet llegu\u00e9 grande, despu\u00e9s de la universidad. Pero guardo en mi memoria emocional, aquellas clases en el centro de iniciaci\u00f3n art\u00edstica al poniente de la ciudad, en donde s\u00ed, qu\u00e9 afortunadas \u00e9ramos: tom\u00e1bamos clase de ballet con una maestra que tocaba el piano en vivo.<\/p>\n\n\n\n<p>Nunca tuve que pagar tanto dinero por estudiar ballet. Participaba en un programa educativo que despu\u00e9s se convirti\u00f3 en una licenciatura, dirigido por el maestro Jaime Hinojosa. Pero tampoco eran clases convencionales, pues para tomar ballet tambi\u00e9n ten\u00edas que estudiar t\u00e9cnica contempor\u00e1nea. Qu\u00e9 \u00e9poca m\u00e1s feliz.<\/p>\n\n\n\n<p>Quiz\u00e1s por eso me provoc\u00f3 gracia que la candidata X\u00f3chitl G\u00e1lvez se burlara de Claudia Sheinbaum en el \u00faltimo debate previo a las elecciones, porque mientras ella practicaba ballet X\u00f3chitl ten\u00eda que trabajar vendiendo gelatinas.<\/p>\n\n\n\n<p>Es cierto que la pr\u00e1ctica de ballet se ha considerado por mucho tiempo elitista, a la que s\u00f3lo pod\u00edan acceder ni\u00f1as de clase acomodada. Estaba relacionada con un estatus econ\u00f3mico y una idea de desarrollar un \u201cporte\u201d en las j\u00f3venes.&nbsp;<\/p>\n\n\n\n<p>La realidad es que existen pa\u00edses como Cuba donde el ballet es una profesi\u00f3n seria y no elitista, tan valorada como cualquier otra actividad formativa. Tambi\u00e9n en M\u00e9xico hoy en d\u00eda es posible estudiar ballet en academias a costos accesibles y lograr una formaci\u00f3n profesional danc\u00edstica en escuelas y en universidades p\u00fablicas.<\/p>\n\n\n\n<blockquote class=\"wp-block-quote is-layout-flow wp-block-quote-is-layout-flow\">\n<p>Pero m\u00e1s all\u00e1 del elitismo que puede caracterizar al ballet como a la m\u00fasica cl\u00e1sica, su pr\u00e1ctica aporta un valor f\u00edsico y emocional que no tiene precio.<\/p>\n<\/blockquote>\n\n\n\n<p>La danza cl\u00e1sica o contempor\u00e1nea te permite reconocer tu cuerpo, formarte en una disciplina, respetarla, es cultivar el amor propio, pero sobre todo una experiencia expresiva e interpretativa que dif\u00edcilmente se borrar\u00e1 de la memoria.<\/p>\n\n\n\n<p>La danza o el ballet ayudan a las personas con algunas condiciones especiales a adquirir mayores habilidades, a tener confianza en el espacio y en el tiempo, a sentirse parte de un disfrute sensorial.<\/p>\n\n\n\n<p>Es, ante todo, una gran experiencia est\u00e9tica.<\/p>\n\n\n\n<p>\u00a1Gracias a todas las personas que cultivan al ballet!<\/p>\n\n\n\n<p><em>Twitter @Lavargasadri<\/em><\/p>\n","protected":false},"excerpt":{"rendered":"<p>Menos mal que conoc\u00ed el ballet Siempre que paso por la academia de danza que est\u00e1 cerca de mi casa, me invade la a\u00f1oranza, sobre todo cuando se escuchan los &hellip; <a href=\"https:\/\/lavereda.com.mx\/index.php\/2024\/06\/09\/a-la-hora-del-cafe-10\/\" class=\"more-link\">Leer m\u00e1s<\/a><\/p>\n","protected":false},"author":9,"featured_media":6071,"comment_status":"open","ping_status":"open","sticky":false,"template":"","format":"standard","meta":{"footnotes":""},"categories":[18,9],"tags":[93],"class_list":["post-6070","post","type-post","status-publish","format-standard","has-post-thumbnail","hentry","category-lomasrelevante","category-opinion","tag-ballet","entry"],"_links":{"self":[{"href":"https:\/\/lavereda.com.mx\/index.php\/wp-json\/wp\/v2\/posts\/6070","targetHints":{"allow":["GET"]}}],"collection":[{"href":"https:\/\/lavereda.com.mx\/index.php\/wp-json\/wp\/v2\/posts"}],"about":[{"href":"https:\/\/lavereda.com.mx\/index.php\/wp-json\/wp\/v2\/types\/post"}],"author":[{"embeddable":true,"href":"https:\/\/lavereda.com.mx\/index.php\/wp-json\/wp\/v2\/users\/9"}],"replies":[{"embeddable":true,"href":"https:\/\/lavereda.com.mx\/index.php\/wp-json\/wp\/v2\/comments?post=6070"}],"version-history":[{"count":3,"href":"https:\/\/lavereda.com.mx\/index.php\/wp-json\/wp\/v2\/posts\/6070\/revisions"}],"predecessor-version":[{"id":6074,"href":"https:\/\/lavereda.com.mx\/index.php\/wp-json\/wp\/v2\/posts\/6070\/revisions\/6074"}],"wp:featuredmedia":[{"embeddable":true,"href":"https:\/\/lavereda.com.mx\/index.php\/wp-json\/wp\/v2\/media\/6071"}],"wp:attachment":[{"href":"https:\/\/lavereda.com.mx\/index.php\/wp-json\/wp\/v2\/media?parent=6070"}],"wp:term":[{"taxonomy":"category","embeddable":true,"href":"https:\/\/lavereda.com.mx\/index.php\/wp-json\/wp\/v2\/categories?post=6070"},{"taxonomy":"post_tag","embeddable":true,"href":"https:\/\/lavereda.com.mx\/index.php\/wp-json\/wp\/v2\/tags?post=6070"}],"curies":[{"name":"wp","href":"https:\/\/api.w.org\/{rel}","templated":true}]}}