{"id":6067,"date":"2024-06-08T17:31:04","date_gmt":"2024-06-08T17:31:04","guid":{"rendered":"http:\/\/lavereda.com.mx\/?p=6067"},"modified":"2024-06-08T17:31:05","modified_gmt":"2024-06-08T17:31:05","slug":"guerra-civil-2024","status":"publish","type":"post","link":"https:\/\/lavereda.com.mx\/index.php\/2024\/06\/08\/guerra-civil-2024\/","title":{"rendered":"Guerra civil (2024)"},"content":{"rendered":"\n<p>Civil war, 2024<\/p>\n\n\n\n<p>Prime Video<\/p>\n\n\n\n<p>El director y guionista Alex Garland reconsidera lo que se sab\u00eda de pel\u00edculas de periodistas en zonas de conflicto con este trepidante drama ubicado en un futuro dist\u00f3pico en Estados Unidos, donde la guerrilla ha dividido al pa\u00eds, control\u00e1ndolo, y el Presidente atrincherado en la Casa Blanca solo espera que vayan por \u00e9l para ser ajusticiado.<\/p>\n\n\n\n<p>En este contexto, un grupo de fotoperiodistas encabezados por la fr\u00eda e inexpresiva Lee (Kisten Dunst), veterana del oficio, se dirige a la Capital del pa\u00eds pero deben sortear numerosos peligros, entre milicianos que desprecian la vida y carreteras donde ya no existe la ley.<\/p>\n\n\n\n<p>La pel\u00edcula da una idea sobre c\u00f3mo se ver\u00eda el pa\u00eds desordenado y sin liderazgo pol\u00edtico y legal. En esta sociedad ca\u00f3tica, en la que se impone la fuerza de las balas, es indispensable que los periodistas digan qu\u00e9 est\u00e1 pasando.<\/p>\n\n\n\n<p>Uno de los grandes aciertos t\u00e9cnicos de la pel\u00edcula es la fotograf\u00eda, que hace que cada toma parezca, precisamente, un fotograma tomado por la c\u00e1mara de un periodista de la lente.<\/p>\n\n\n\n<p>Excelente y angustiosa.<\/p>\n\n\n\n<p>(NC-17. No apto para menores de 18)<\/p>\n\n\n\n<p>@LucianoCamposG<a href=\"https:\/\/www.youtube.com\/watch?v=O7J6bzeQiaA\">https:\/\/www.youtube.com\/watch?v=O7J6bzeQiaA<\/a><\/p>\n","protected":false},"excerpt":{"rendered":"<p>Civil war, 2024 Prime Video El director y guionista Alex Garland reconsidera lo que se sab\u00eda de pel\u00edculas de periodistas en zonas de conflicto con este trepidante drama ubicado en &hellip; <a href=\"https:\/\/lavereda.com.mx\/index.php\/2024\/06\/08\/guerra-civil-2024\/\" class=\"more-link\">Leer m\u00e1s<\/a><\/p>\n","protected":false},"author":3,"featured_media":6068,"comment_status":"open","ping_status":"open","sticky":false,"template":"","format":"standard","meta":{"footnotes":""},"categories":[6,7,18],"tags":[40,139,102],"class_list":["post-6067","post","type-post","status-publish","format-standard","has-post-thumbnail","hentry","category-cinetv","category-entretenimiento","category-lomasrelevante","tag-cine","tag-civil-war","tag-prime-video","entry"],"_links":{"self":[{"href":"https:\/\/lavereda.com.mx\/index.php\/wp-json\/wp\/v2\/posts\/6067","targetHints":{"allow":["GET"]}}],"collection":[{"href":"https:\/\/lavereda.com.mx\/index.php\/wp-json\/wp\/v2\/posts"}],"about":[{"href":"https:\/\/lavereda.com.mx\/index.php\/wp-json\/wp\/v2\/types\/post"}],"author":[{"embeddable":true,"href":"https:\/\/lavereda.com.mx\/index.php\/wp-json\/wp\/v2\/users\/3"}],"replies":[{"embeddable":true,"href":"https:\/\/lavereda.com.mx\/index.php\/wp-json\/wp\/v2\/comments?post=6067"}],"version-history":[{"count":1,"href":"https:\/\/lavereda.com.mx\/index.php\/wp-json\/wp\/v2\/posts\/6067\/revisions"}],"predecessor-version":[{"id":6069,"href":"https:\/\/lavereda.com.mx\/index.php\/wp-json\/wp\/v2\/posts\/6067\/revisions\/6069"}],"wp:featuredmedia":[{"embeddable":true,"href":"https:\/\/lavereda.com.mx\/index.php\/wp-json\/wp\/v2\/media\/6068"}],"wp:attachment":[{"href":"https:\/\/lavereda.com.mx\/index.php\/wp-json\/wp\/v2\/media?parent=6067"}],"wp:term":[{"taxonomy":"category","embeddable":true,"href":"https:\/\/lavereda.com.mx\/index.php\/wp-json\/wp\/v2\/categories?post=6067"},{"taxonomy":"post_tag","embeddable":true,"href":"https:\/\/lavereda.com.mx\/index.php\/wp-json\/wp\/v2\/tags?post=6067"}],"curies":[{"name":"wp","href":"https:\/\/api.w.org\/{rel}","templated":true}]}}